{"id":306823,"date":"2015-08-27T14:10:58","date_gmt":"2015-08-27T19:10:58","guid":{"rendered":"http:\/\/futboltotal.com.mx\/?p=306823"},"modified":"2015-08-27T16:43:31","modified_gmt":"2015-08-27T21:43:31","slug":"los-cepillados-de-la-seleccion-mexicana","status":"publish","type":"post","link":"http:\/\/desarrollo.grupomedios.com\/futbol\/destacado-home\/los-cepillados-de-la-seleccion-mexicana\/2015\/08","title":{"rendered":"Los cepillados de la Selecci\u00f3n Mexicana"},"content":{"rendered":"<p>La <a href=\"http:\/\/futboltotal.com.mx\/2015\/08\/los-cepillados-de-la-seleccion-mexicana\/\">primera convocatoria<\/a> de la <strong>Selecci\u00f3n Mexicana<\/strong> en el interinato del <strong>Tuca Ferretti<\/strong> cuenta con varios cepillados con respecto a la fue la \u00faltima participaci\u00f3n del <em>Tri<\/em> en la Copa Oro: <strong>Giovani dos Santos, Jonathan dos Santos, Guillermo Ochoa, Miguel Herrera Equihua, Jonathan Orozco y Yasser Corona<\/strong>.<\/p>\n<p>El caso de los hermanos dos Santos es el m\u00e1s destacable, pues Ricardo Ferreti decidi\u00f3 descartarlos de su primera lista a pesar del buen nivel de Gio en la MLS y de Jona en el futbol espa\u00f1ol. La decisi\u00f3n disciplinaria es la cuesti\u00f3n que se percibe como la raz\u00f3n por la que no aparecen, aunque no se emiti\u00f3 un comunicado por su no convocatoria.<\/p>\n<p>Hay que recordar que tras el incidente en que Miguel Herrera y Christian Martinoli se vieron envueltos, <strong><a href=\"http:\/\/futboltotal.com.mx\/2015\/07\/hermanos-dos-santos-tuitean-a-favor-de-miguel-herrera\/\">los hermanos dos Santos apoyaron en redes sociales<\/a><\/strong> al a\u00fan estratega de la Selecci\u00f3n Mexicana, con mensajes pol\u00e9micos que posteriormente fueron borrados a petici\u00f3n de su padre. En la semana Giovani dos Santos mencion\u00f3 a <em>Univisi\u00f3n<\/em>: &#8220;estoy ansioso por trabajar con el Tuca&#8221;, algo que no podr\u00e1 darse para los futuros duelos de septiembre ante Trinidad y Tobago y Argentina.<\/p>\n<p>Otros casos que llaman la atenci\u00f3n en este cat\u00e1logo reciente de la Selecci\u00f3n Mexicana son las la exclusiones de Guillermo Ochoa, guardameta titular del Tri durante el periplo de la Copa Oro y de Jes\u00fas Corona, cancerbero estelar en la Copa Am\u00e9rica.<\/p>\n<p>Miguel Herrera, Yasser Corona (quien se encuentra lesionado) y Jonathan Orozco son otros de los descartados del plantel que se consagr\u00f3 como el campe\u00f3n del certamen de la Concacaf.<\/p>\n<p>[video_player]https:\/\/player.vimeo.com\/external\/137298893.sd.mp4?s=2bc0b51c99dd990217a9b2d13af0c1b8&amp;profile_id=112[\/video_player]<\/p>\n","protected":false},"excerpt":{"rendered":"<p>Los hermanos Dos Santos fueron descartados de la convocatoria <\/p>\n","protected":false},"author":20,"featured_media":306831,"comment_status":"open","ping_status":"open","sticky":false,"template":"","format":"standard","meta":[],"categories":[5,3847],"tags":[142,3505],"_links":{"self":[{"href":"http:\/\/desarrollo.grupomedios.com\/futbol\/wp-json\/wp\/v2\/posts\/306823"}],"collection":[{"href":"http:\/\/desarrollo.grupomedios.com\/futbol\/wp-json\/wp\/v2\/posts"}],"about":[{"href":"http:\/\/desarrollo.grupomedios.com\/futbol\/wp-json\/wp\/v2\/types\/post"}],"author":[{"embeddable":true,"href":"http:\/\/desarrollo.grupomedios.com\/futbol\/wp-json\/wp\/v2\/users\/20"}],"replies":[{"embeddable":true,"href":"http:\/\/desarrollo.grupomedios.com\/futbol\/wp-json\/wp\/v2\/comments?post=306823"}],"version-history":[{"count":0,"href":"http:\/\/desarrollo.grupomedios.com\/futbol\/wp-json\/wp\/v2\/posts\/306823\/revisions"}],"wp:featuredmedia":[{"embeddable":true,"href":"http:\/\/desarrollo.grupomedios.com\/futbol\/wp-json\/wp\/v2\/media\/306831"}],"wp:attachment":[{"href":"http:\/\/desarrollo.grupomedios.com\/futbol\/wp-json\/wp\/v2\/media?parent=306823"}],"wp:term":[{"taxonomy":"category","embeddable":true,"href":"http:\/\/desarrollo.grupomedios.com\/futbol\/wp-json\/wp\/v2\/categories?post=306823"},{"taxonomy":"post_tag","embeddable":true,"href":"http:\/\/desarrollo.grupomedios.com\/futbol\/wp-json\/wp\/v2\/tags?post=306823"}],"curies":[{"name":"wp","href":"https:\/\/api.w.org\/{rel}","templated":true}]}}