{"id":306961,"date":"2015-08-28T08:30:10","date_gmt":"2015-08-28T13:30:10","guid":{"rendered":"http:\/\/futboltotal.com.mx\/?p=306961"},"modified":"2015-08-28T10:27:30","modified_gmt":"2015-08-28T15:27:30","slug":"padrastro-de-james-rodriguez-lo-vincula-con-el-cruzeiro","status":"publish","type":"post","link":"http:\/\/desarrollo.grupomedios.com\/futbol\/futbol-internacional\/padrastro-de-james-rodriguez-lo-vincula-con-el-cruzeiro\/2015\/08","title":{"rendered":"James Rodr\u00edguez, \u00bfal futbol de Brasil?"},"content":{"rendered":"<p>El inicio de temporada para <strong>James Rodr\u00edguez<\/strong> no ha sido como lo imagin\u00f3. Indiscutible en el mandato de Carlo Ancelotti, pero con los cambios de entrenador y m\u00e1s, todo indica que en el presente curso no ser\u00e1 inamovible del once de gala. As\u00ed lo demostr\u00f3 Rafael Ben\u00edtez al dejarlo en el banquillo durante el primer lapso del encuentro ante el Sporting de Gij\u00f3n. <\/p>\n<p>Ante los rumores de un malestar por parte de su persona por la situaci\u00f3n, James Rodr\u00edguez decidi\u00f3 hacer menos esa clase de comentarios y en su Twitter indic\u00f3 que est\u00e1 listo para lo que venga. <\/p>\n<blockquote class=\"twitter-tweet\" lang=\"es\">\n<p lang=\"es\" dir=\"ltr\">Mejor que nunca ! Better than ever ? <a href=\"http:\/\/t.co\/9fl6ru5sPq\">pic.twitter.com\/9fl6ru5sPq<\/a><\/p>\n<p>&mdash; James Rodr\u00edguez (@jamesdrodriguez) <a href=\"https:\/\/twitter.com\/jamesdrodriguez\/status\/636552998286684161\">agosto 26, 2015<\/a><\/p><\/blockquote>\n<p><script async src=\"\/\/platform.twitter.com\/widgets.js\" charset=\"utf-8\"><\/script><\/p>\n<p>Pero en Brasil, el 10 colombiano se coloc\u00f3 como tendencia, en gran medida por declaraciones vertidas por su padrastro a <em>Superesportes<\/em>. Con sus frases revolucion\u00f3 a un pa\u00eds que es muy fan\u00e1tico del estilo de juego del futbolista del Real Madrid, indicando que en un futuro su hijo jugar\u00e1 por aquellos lares y ya hasta equipo le puso. <\/p>\n<p>&#8220;James Rodr\u00edguez tiene sus propios desaf\u00edos. Nace una nueva era con la llegada de Rafa Ben\u00edtez, y ahora debe ratificar la buena temporada que hizo en 2014\u201d, afirma Juan Carlos. &#8220;James es un atleta que se centra en el proceso de ganarse un lugar en el equipo de Rafa Ben\u00edtez y luego de ganar los corazones de los aficionados del Real Madrid &#8220;, abunda el padrastro. <\/p>\n<p>Preguntado por el siguiente paso en la carrera del futbolista, Restrepo afirma que los planes del jugador no pasan por alargar su relaci\u00f3n con el Madrid de forma indefinida. <\/p>\n<p>&#8220;En el futuro James tiene en mente  jugar en otros \u00e1mbitos y equipos, y le gustar\u00eda fichar por el Cruzeiro &#8220;, sentenci\u00f3 Juan Carlos Restrepo, que cuenta con un gusto de tiempo atr\u00e1s por la entidad brasile\u00f1a. <\/p>\n<p>[video_player]https:\/\/player.vimeo.com\/external\/137496682.hd.mp4?s=6e2668f9ca74d94c5adcad0a914ee93e&#038;profile_id=113[\/video_player]<\/p>\n","protected":false},"excerpt":{"rendered":"<p>La entrevista caus\u00f3 tendencia en Brasil <\/p>\n","protected":false},"author":20,"featured_media":306962,"comment_status":"open","ping_status":"open","sticky":false,"template":"","format":"standard","meta":[],"categories":[3839,3844,5951],"tags":[6082],"_links":{"self":[{"href":"http:\/\/desarrollo.grupomedios.com\/futbol\/wp-json\/wp\/v2\/posts\/306961"}],"collection":[{"href":"http:\/\/desarrollo.grupomedios.com\/futbol\/wp-json\/wp\/v2\/posts"}],"about":[{"href":"http:\/\/desarrollo.grupomedios.com\/futbol\/wp-json\/wp\/v2\/types\/post"}],"author":[{"embeddable":true,"href":"http:\/\/desarrollo.grupomedios.com\/futbol\/wp-json\/wp\/v2\/users\/20"}],"replies":[{"embeddable":true,"href":"http:\/\/desarrollo.grupomedios.com\/futbol\/wp-json\/wp\/v2\/comments?post=306961"}],"version-history":[{"count":0,"href":"http:\/\/desarrollo.grupomedios.com\/futbol\/wp-json\/wp\/v2\/posts\/306961\/revisions"}],"wp:featuredmedia":[{"embeddable":true,"href":"http:\/\/desarrollo.grupomedios.com\/futbol\/wp-json\/wp\/v2\/media\/306962"}],"wp:attachment":[{"href":"http:\/\/desarrollo.grupomedios.com\/futbol\/wp-json\/wp\/v2\/media?parent=306961"}],"wp:term":[{"taxonomy":"category","embeddable":true,"href":"http:\/\/desarrollo.grupomedios.com\/futbol\/wp-json\/wp\/v2\/categories?post=306961"},{"taxonomy":"post_tag","embeddable":true,"href":"http:\/\/desarrollo.grupomedios.com\/futbol\/wp-json\/wp\/v2\/tags?post=306961"}],"curies":[{"name":"wp","href":"https:\/\/api.w.org\/{rel}","templated":true}]}}