{"id":307012,"date":"2015-08-28T11:47:56","date_gmt":"2015-08-28T16:47:56","guid":{"rendered":"http:\/\/futboltotal.com.mx\/?p=307012"},"modified":"2015-08-28T11:48:25","modified_gmt":"2015-08-28T16:48:25","slug":"comparan-a-usain-bolt-con-lionel-messi","status":"publish","type":"post","link":"http:\/\/desarrollo.grupomedios.com\/futbol\/futbol-internacional\/comparan-a-usain-bolt-con-lionel-messi\/2015\/08","title":{"rendered":"Comparan a Usain Bolt con Lionel Messi"},"content":{"rendered":"<p><strong>Luis Enrique<\/strong> atendi\u00f3 a la prensa en las v\u00edsperas del encuentro que el Barcelona sostendr\u00e1 ante el M\u00e1laga, en lo que representar\u00e1 su debut como local en la Liga Espa\u00f1ola. Como es costumbre, el estratega espa\u00f1ol dio varias declaraciones a destacar e inici\u00f3 un tanto molesto, por los comentarios que le restan m\u00e9ritos a sus rivales en la Champions League, calific\u00e1ndolos de accesibles. <\/p>\n<p>&#8220;Es una competici\u00f3n m\u00e1s que ilusionante con rivales dif\u00edciles, como no pod\u00eda ser de otra forma. Un grupo complicado, como la mayor\u00eda, a medida que nos toquen los iremos valorando aunque a algunos ya los conocemos sobradamente, y es un grupo muy atractivo&#8221;, contest\u00f3. Y sobre lo del grupo asequible fue m\u00e1s enf\u00e1tico. &#8220;\u00bfAsequible para qui\u00e9n? De tres viajes hay uno que es largo, el grupo es dif\u00edcil sin ninguna duda, no tanto como el del Sevilla, pero es un grupo dif\u00edcil. La Roma es uno de los m\u00e1s fuertes del bombo 3, Leverkusen casi capaz de eliminar al Atl\u00e9tico\u2026 No s\u00e9 d\u00f3nde est\u00e1 lo asequible y trataremos de hacer lo que no ha hecho nadie, que es ganar dos veces seguidas la competici\u00f3n en esta \u00e9poca moderna. Estos equipos van a traer gente al estadio, pero empezamos fuera y acabamos fuera, y no s\u00e9 d\u00f3nde est\u00e1 lo asequible&#8221;, recalc\u00f3 Luis Enrique. <\/p>\n<p>Luis Enrique tambi\u00e9n habl\u00f3 sobre el reconocimiento de la UEFA a sus futbolistas, incluido Lionel Messi. <\/p>\n<p>&#8220;Lo valoro como algo positivo, los reconocimientos son fruto de la temporada pasada y los jugadores, que son muy inteligentes, saben que se vive del presente, de volver a ser el mejor en el siguiente partido. Espero que el a\u00f1o que viene, en el pr\u00f3ximo sorteo de Champions, vuelva a suceder lo mismo, con casi un pleno de jugadores del Bar\u00e7a recibiendo t\u00edtulos. Eso significar\u00e1 que hemos hecho las cosas bien&#8221;, acot\u00f3. <\/p>\n<p>Sobre si Messi ser\u00e1 o no el nuevo Bal\u00f3n de Oro, Luis Enrique no quiso entrar en valoraciones. &#8220;La temporada del Bar\u00e7a y de Messi son dignas de elogio y seguramente llegar\u00e1n los reconocimientos como ha sucedido hasta ahora&#8221;, a\u00f1adi\u00f3. <\/p>\n<p>En lo que si no dud\u00f3 en reparar de elogios, fue en ratificar que Messi es el mejor de todos los tiempos y lo compar\u00f3 inclusive con Usain Bolt, luego de lo medi\u00e1tico del Mundial de Atletismo. <\/p>\n<p>&#8220;Vi la carrera de Bolt por Twitter. Podr\u00eda ser una buena comparaci\u00f3n esa entre Messi y Bolt. <strong>Bolt es el mejor velocista de todos los tiempos y ah\u00ed est\u00e1n sus marcas y creo que Messi es el mejor jugador de todos los tiempos. Bolt es el Messi del atletismo&#8221;<\/strong>, sentenci\u00f3 el estratega azulgrana. <\/p>\n","protected":false},"excerpt":{"rendered":"<p>Luis Enrique hizo una analog\u00eda con el referente de la velocidad y su mejor futbolista<\/p>\n","protected":false},"author":20,"featured_media":307018,"comment_status":"open","ping_status":"open","sticky":false,"template":"","format":"standard","meta":[],"categories":[5419,3839,3844,5951],"tags":[6012,1793],"_links":{"self":[{"href":"http:\/\/desarrollo.grupomedios.com\/futbol\/wp-json\/wp\/v2\/posts\/307012"}],"collection":[{"href":"http:\/\/desarrollo.grupomedios.com\/futbol\/wp-json\/wp\/v2\/posts"}],"about":[{"href":"http:\/\/desarrollo.grupomedios.com\/futbol\/wp-json\/wp\/v2\/types\/post"}],"author":[{"embeddable":true,"href":"http:\/\/desarrollo.grupomedios.com\/futbol\/wp-json\/wp\/v2\/users\/20"}],"replies":[{"embeddable":true,"href":"http:\/\/desarrollo.grupomedios.com\/futbol\/wp-json\/wp\/v2\/comments?post=307012"}],"version-history":[{"count":0,"href":"http:\/\/desarrollo.grupomedios.com\/futbol\/wp-json\/wp\/v2\/posts\/307012\/revisions"}],"wp:featuredmedia":[{"embeddable":true,"href":"http:\/\/desarrollo.grupomedios.com\/futbol\/wp-json\/wp\/v2\/media\/307018"}],"wp:attachment":[{"href":"http:\/\/desarrollo.grupomedios.com\/futbol\/wp-json\/wp\/v2\/media?parent=307012"}],"wp:term":[{"taxonomy":"category","embeddable":true,"href":"http:\/\/desarrollo.grupomedios.com\/futbol\/wp-json\/wp\/v2\/categories?post=307012"},{"taxonomy":"post_tag","embeddable":true,"href":"http:\/\/desarrollo.grupomedios.com\/futbol\/wp-json\/wp\/v2\/tags?post=307012"}],"curies":[{"name":"wp","href":"https:\/\/api.w.org\/{rel}","templated":true}]}}