{"id":307015,"date":"2015-08-28T12:20:55","date_gmt":"2015-08-28T17:20:55","guid":{"rendered":"http:\/\/futboltotal.com.mx\/?p=307015"},"modified":"2015-08-28T15:05:21","modified_gmt":"2015-08-28T20:05:21","slug":"sergio-bueno-e-ignacio-ambriz-mismo-pasado-distinto-presente","status":"publish","type":"post","link":"http:\/\/desarrollo.grupomedios.com\/futbol\/destacado-home\/sergio-bueno-e-ignacio-ambriz-mismo-pasado-distinto-presente\/2015\/08","title":{"rendered":"Mismo pasado, distinto presente"},"content":{"rendered":"<p>Este s\u00e1bado 29 (17:00 horas),\u00a0<a href=\"http:\/\/www.futboltotal.com.mx\/equipos\/cruz-azul\/\" target=\"_blank\"><strong>Cruz Azul<\/strong><\/a>\u00a0y\u00a0<strong><a href=\"http:\/\/www.futboltotal.com.mx\/equipos\/cruz-azul\/\" target=\"_blank\">Am\u00e9rica<\/a><\/strong>\u00a0jugar\u00e1n una nueva edici\u00f3n del\u00a0<strong>Cl\u00e1sico Joven<\/strong>. Y este encuentro tendr\u00e1 un tono especial no solo en la cancha sino desde el banquillo: <strong>Sergio Bueno<\/strong>\u00a0e\u00a0<strong>Ignacio Ambriz<\/strong>\u00a0medir\u00e1n fuerzas a nivel estrat\u00e9gico.<\/p>\n<p>Ambos entrenadores llegaron en\u00a0el presente Apertura 2015\u00a0a sus respectivos clubes con el rechazo de sus respectivas\u00a0aficiones.\u00a0Tanto<strong>\u00a0Sergio Bueno<\/strong>\u00a0como\u00a0<strong>Ignacio Ambriz<\/strong>\u00a0fueron vistos como bichos raros en un par de equipos relacionados con los \u00e9xitos. Y es\u00a0que la llegada de un estratega con pocos palmares a\u00a0un club que est\u00e1 obligado a ganarlo todo, hizo pensar que su continuidad ser\u00eda corta.<\/p>\n<p>Hasta el momento, la labor de\u00a0<strong>Sergio Bueno<\/strong>\u00a0parece darle la raz\u00f3n a la afici\u00f3n de <strong>Cruz Azul<\/strong>; mientras que el trabajo de\u00a0<strong>Ignacio Ambriz<\/strong>, tiene con la boca cerrada a los hinchas del <strong>Am\u00e9rica<\/strong>.<\/p>\n<p><span style=\"color: #ff0000;\"><strong>N\u00fameros\u00a0de Cruz Azul y Am\u00e9rica en el Apertura 2015:<\/strong><\/span><\/p>\n<table border=\"1\" width=\"100%\" cellspacing=\"0\" cellpadding=\"4\">\n<colgroup>\n<col width=\"25*\" \/>\n<col width=\"82*\" \/>\n<col width=\"29*\" \/>\n<col width=\"79*\" \/>\n<col width=\"41*\" \/><\/colgroup>\n<tbody>\n<tr valign=\"TOP\">\n<td width=\"10%\"><strong>J<\/strong><\/td>\n<td width=\"32%\"><strong>Cruz Azul<\/strong><\/td>\n<td width=\"11%\"><strong>Puntos<\/strong><\/td>\n<td width=\"31%\"><strong>Am\u00e9rica<\/strong><\/td>\n<td width=\"16%\"><strong>Puntos<\/strong><\/td>\n<\/tr>\n<tr valign=\"TOP\">\n<td width=\"10%\">1<\/td>\n<td width=\"32%\">Perdi\u00f3 3-0 contra Morelia<\/td>\n<td width=\"11%\">0<\/td>\n<td width=\"31%\">Perdi\u00f3 4-2 contra Puebla<\/td>\n<td width=\"16%\">0<\/td>\n<\/tr>\n<tr valign=\"TOP\">\n<td width=\"10%\">2<\/td>\n<td width=\"32%\">Gan\u00f3 1-0 a Chivas<\/td>\n<td width=\"11%\">3<\/td>\n<td width=\"31%\">Perdi\u00f3 3-1 contra Atlas<\/td>\n<td width=\"16%\">0<\/td>\n<\/tr>\n<tr valign=\"TOP\">\n<td width=\"10%\">3<\/td>\n<td width=\"32%\">Gan\u00f3 2-0 a Le\u00f3n<\/td>\n<td width=\"11%\">6<\/td>\n<td width=\"31%\">Gan\u00f3 3-0 a Pachuca<\/td>\n<td width=\"16%\">3<\/td>\n<\/tr>\n<tr valign=\"TOP\">\n<td width=\"10%\">4<\/td>\n<td width=\"32%\">Perdi\u00f3 2-1 contra Chiapas<\/td>\n<td width=\"11%\">6<\/td>\n<td width=\"31%\">Gan\u00f3 4-0 a Dorados<\/td>\n<td width=\"16%\">6<\/td>\n<\/tr>\n<tr valign=\"TOP\">\n<td width=\"10%\">5<\/td>\n<td width=\"32%\">Perdi\u00f3 3-1 contra Tijuana<\/td>\n<td width=\"11%\">6<\/td>\n<td width=\"31%\">Gan\u00f3 2-0 a Santos<\/td>\n<td width=\"16%\">9<\/td>\n<\/tr>\n<tr valign=\"TOP\">\n<td width=\"10%\">6<\/td>\n<td width=\"32%\">Perdi\u00f3 4-2 contra\u00a0<em>Gallos<\/em><\/td>\n<td width=\"11%\">6<\/td>\n<td width=\"31%\">Gan\u00f3 3-1 a Veracruz<\/td>\n<td width=\"16%\">12<\/td>\n<\/tr>\n<\/tbody>\n<\/table>\n<p>Si en el Cl\u00e1sico Joven que sostendr\u00e1n este s\u00e1bado <strong>Bueno<\/strong> obtiene la victoria, <em>Nacho<\/em> <strong>Ambriz<\/strong> recibir\u00e1 nuevamante la cr\u00edtica\u00a0de los seguidores de las\u00a0<em>\u00c1guilas<\/em>; pero si es al contrario, Sergio reducir\u00e1 su tiempo en la\u00a0<em>M\u00e1quina<\/em>.<\/p>\n<p>Y entorno a la figura de los dos entradores, cabe recordar que\u00a0<strong>Ignacio Ambriz<\/strong>\u00a0lleg\u00f3 al banquillo de Quer\u00e9taro\u00a0-su ex equipo- en 2013, para relevar a\u00a0<strong>Sergio Bueno<\/strong>.<\/p>\n<p>[video_player]https:\/\/player.vimeo.com\/external\/137298893.hd.mp4?s=36ec8e88f35485bcb9346589f7d5f820&amp;profile_id=113[\/video_player]<\/p>\n","protected":false},"excerpt":{"rendered":"<p>Sergio Bueno e Ignacio Ambriz viven momentos contrastantes<\/p>\n","protected":false},"author":20,"featured_media":307027,"comment_status":"open","ping_status":"open","sticky":false,"template":"","format":"standard","meta":[],"categories":[5,2198,3845,5950],"tags":[5959,5962,511,751],"_links":{"self":[{"href":"http:\/\/desarrollo.grupomedios.com\/futbol\/wp-json\/wp\/v2\/posts\/307015"}],"collection":[{"href":"http:\/\/desarrollo.grupomedios.com\/futbol\/wp-json\/wp\/v2\/posts"}],"about":[{"href":"http:\/\/desarrollo.grupomedios.com\/futbol\/wp-json\/wp\/v2\/types\/post"}],"author":[{"embeddable":true,"href":"http:\/\/desarrollo.grupomedios.com\/futbol\/wp-json\/wp\/v2\/users\/20"}],"replies":[{"embeddable":true,"href":"http:\/\/desarrollo.grupomedios.com\/futbol\/wp-json\/wp\/v2\/comments?post=307015"}],"version-history":[{"count":0,"href":"http:\/\/desarrollo.grupomedios.com\/futbol\/wp-json\/wp\/v2\/posts\/307015\/revisions"}],"wp:featuredmedia":[{"embeddable":true,"href":"http:\/\/desarrollo.grupomedios.com\/futbol\/wp-json\/wp\/v2\/media\/307027"}],"wp:attachment":[{"href":"http:\/\/desarrollo.grupomedios.com\/futbol\/wp-json\/wp\/v2\/media?parent=307015"}],"wp:term":[{"taxonomy":"category","embeddable":true,"href":"http:\/\/desarrollo.grupomedios.com\/futbol\/wp-json\/wp\/v2\/categories?post=307015"},{"taxonomy":"post_tag","embeddable":true,"href":"http:\/\/desarrollo.grupomedios.com\/futbol\/wp-json\/wp\/v2\/tags?post=307015"}],"curies":[{"name":"wp","href":"https:\/\/api.w.org\/{rel}","templated":true}]}}