{"id":307106,"date":"2015-08-28T16:48:21","date_gmt":"2015-08-28T21:48:21","guid":{"rendered":"http:\/\/futboltotal.com.mx\/?p=307106"},"modified":"2015-08-28T16:48:21","modified_gmt":"2015-08-28T21:48:21","slug":"hermano-de-pulido-tambien-jugara-en-grecia","status":"publish","type":"post","link":"http:\/\/desarrollo.grupomedios.com\/futbol\/futbol-mexicano\/hermano-de-pulido-tambien-jugara-en-grecia\/2015\/08","title":{"rendered":"Hermano de Pulido tambi\u00e9n jugar\u00e1 en Grecia"},"content":{"rendered":"<p>En su breve paso por Levadiakos, <strong>Alan Pulido<\/strong> dej\u00f3 una grata sensaci\u00f3n en la directiva y en la <strong>Liga de Grecia<\/strong>, a tal grado que termin\u00f3 por firmar contrato con <strong>Olympiakos<\/strong>. Sin embargo, no ser\u00e1 el \u00fanico en mexicano en militar en dicho futbol, pues su hermano Armando tambi\u00e9n jugar\u00e1 pero en la Segunda Divisi\u00f3n.<\/p>\n<p>El delantero canterano de Tigres, estar\u00e1 en la temporada 2015-16 con el Kissamikos con el que probar\u00e1 suerte, despu\u00e9s que en la Liga MX tuvo un discreto desempe\u00f1o.<\/p>\n<p><strong>Armando Pulido<\/strong>, debut\u00f3 en M\u00e9xico en el Apertura 2009 con la UANL, pero sus oportunidades fueron escasas por las que pas\u00f3 a formar parte del Quer\u00e9taro, Xolos y finalmente Correcaminos en el Ascenso MX.<\/p>\n<p>Despu\u00e9s de entrenar unos meses con Levadiakos, <strong>Armando Pulido<\/strong> interes\u00f3 en Kissamikos que tiene como sede la Isla de Creta.<\/p>\n","protected":false},"excerpt":{"rendered":"<p>El delantero firm\u00f3 con Kissamikos de la Segunda Divisi\u00f3n hel\u00e9nica <\/p>\n","protected":false},"author":20,"featured_media":307109,"comment_status":"open","ping_status":"open","sticky":false,"template":"","format":"standard","meta":[],"categories":[3839,2198],"tags":[1607,2652],"_links":{"self":[{"href":"http:\/\/desarrollo.grupomedios.com\/futbol\/wp-json\/wp\/v2\/posts\/307106"}],"collection":[{"href":"http:\/\/desarrollo.grupomedios.com\/futbol\/wp-json\/wp\/v2\/posts"}],"about":[{"href":"http:\/\/desarrollo.grupomedios.com\/futbol\/wp-json\/wp\/v2\/types\/post"}],"author":[{"embeddable":true,"href":"http:\/\/desarrollo.grupomedios.com\/futbol\/wp-json\/wp\/v2\/users\/20"}],"replies":[{"embeddable":true,"href":"http:\/\/desarrollo.grupomedios.com\/futbol\/wp-json\/wp\/v2\/comments?post=307106"}],"version-history":[{"count":0,"href":"http:\/\/desarrollo.grupomedios.com\/futbol\/wp-json\/wp\/v2\/posts\/307106\/revisions"}],"wp:featuredmedia":[{"embeddable":true,"href":"http:\/\/desarrollo.grupomedios.com\/futbol\/wp-json\/wp\/v2\/media\/307109"}],"wp:attachment":[{"href":"http:\/\/desarrollo.grupomedios.com\/futbol\/wp-json\/wp\/v2\/media?parent=307106"}],"wp:term":[{"taxonomy":"category","embeddable":true,"href":"http:\/\/desarrollo.grupomedios.com\/futbol\/wp-json\/wp\/v2\/categories?post=307106"},{"taxonomy":"post_tag","embeddable":true,"href":"http:\/\/desarrollo.grupomedios.com\/futbol\/wp-json\/wp\/v2\/tags?post=307106"}],"curies":[{"name":"wp","href":"https:\/\/api.w.org\/{rel}","templated":true}]}}