{"id":307307,"date":"2015-08-29T12:28:33","date_gmt":"2015-08-29T17:28:33","guid":{"rendered":"http:\/\/futboltotal.com.mx\/?p=307307"},"modified":"2015-08-29T13:45:22","modified_gmt":"2015-08-29T18:45:22","slug":"real-madrid-prepara-presentacion-de-futbolista-sin-fichar","status":"publish","type":"post","link":"http:\/\/desarrollo.grupomedios.com\/futbol\/uncategorized\/real-madrid-prepara-presentacion-de-futbolista-sin-fichar\/2015\/08","title":{"rendered":"Real Madrid presentar\u00eda a David De Gea el martes"},"content":{"rendered":"<p>Cuando el Real Madrid desea un futbolista no hay poder que los aleje de contar con esa pieza tan preciada. Quedan tres d\u00edas para el cierre de mercado en Espa\u00f1a y el conjunto merengue ya prepara una presentaci\u00f3n m\u00e1s en este verano. Lo llamativo es que no han concretado el fichaje, el de <strong>David de Gea<\/strong> que esperan cerrar el lunes antes de las 23:59 horas del pr\u00f3ximo lunes en Espa\u00f1a (cuando se cierra el plazo de fichajes).<\/p>\n<p>La situaci\u00f3n del guardameta se ha agravado desde que Van Gaal le apartara de las convocatorias oficiales (tres partidos de Premier y dos en la previa de Champions) y con la finalizaci\u00f3n del contrato para David de Gea en 2016, la opci\u00f3n es venderlo al Real Madrid a \u00faltimas horas para que no se vaya sin dejar activos al club ingl\u00e9s.<\/p>\n<p>&#8220;No entra en las listas porque no tiene muchas ganas de jugar&#8221;, se\u00f1ala constantemente Van Gaal, a pesar de que la situaci\u00f3n sea distinta seg\u00fan relata la prensa inglesa. Por eso, seg\u00fan menciona <em>AS<\/em> el Real Madrid ofrecer\u00e1 una cantidad no mayor a los 25 millones de euros, y el Manchester United valorar\u00e1 la situaci\u00f3n, aunque dolido por el no acuerdo con Sergio Ramos, indica a su vez <em>The Mirror<\/em>.<\/p>\n<p><a href=\"http:\/\/futboltotal.com.mx\/wp-content\/uploads\/2015\/08\/David-De-Gea-jpg-456877.jpg\"><img decoding=\"async\" loading=\"lazy\" class=\"alignnone size-full wp-image-298103\" src=\"http:\/\/futboltotal.com.mx\/wp-content\/uploads\/2015\/08\/David-De-Gea-jpg-456877.jpg\" alt=\"David-De-Gea-jpg-456877\" srcset=\"http:\/\/desarrollo.grupomedios.com\/futbol\/wp-content\/uploads\/2015\/08\/David-De-Gea-jpg-456877.jpg 820w, http:\/\/desarrollo.grupomedios.com\/futbol\/wp-content\/uploads\/2015\/08\/David-De-Gea-jpg-456877-300x201.jpg 300w\" sizes=\"(max-width: 820px) 100vw, 820px\" \/><\/a><\/p>\n<p>La presi\u00f3n medi\u00e1tica desde Inglaterra tambi\u00e9n est\u00e1 creciendo y leyendas como Scholes o Rio Ferdinand han subrayado que el club debe imponerse en su postura y que el portero se est\u00e1 equivocando. Pero pese a las diferencias entre Real Madrid y Manchester United, existe un cambio inesperado en el escenario: los <em>Red Devils<\/em> s\u00ed quiere negociar ahora por David de Gea.. Antes era imposible porque dos no hacen negocio si uno no quiere.<\/p>\n","protected":false},"excerpt":{"rendered":"<p>La entidad merengue ultima detalles para presentar al portero espa\u00f1ol<\/p>\n","protected":false},"author":20,"featured_media":300303,"comment_status":"open","ping_status":"open","sticky":false,"template":"","format":"standard","meta":[],"categories":[3844,5951,1],"tags":[6072,5988],"_links":{"self":[{"href":"http:\/\/desarrollo.grupomedios.com\/futbol\/wp-json\/wp\/v2\/posts\/307307"}],"collection":[{"href":"http:\/\/desarrollo.grupomedios.com\/futbol\/wp-json\/wp\/v2\/posts"}],"about":[{"href":"http:\/\/desarrollo.grupomedios.com\/futbol\/wp-json\/wp\/v2\/types\/post"}],"author":[{"embeddable":true,"href":"http:\/\/desarrollo.grupomedios.com\/futbol\/wp-json\/wp\/v2\/users\/20"}],"replies":[{"embeddable":true,"href":"http:\/\/desarrollo.grupomedios.com\/futbol\/wp-json\/wp\/v2\/comments?post=307307"}],"version-history":[{"count":0,"href":"http:\/\/desarrollo.grupomedios.com\/futbol\/wp-json\/wp\/v2\/posts\/307307\/revisions"}],"wp:featuredmedia":[{"embeddable":true,"href":"http:\/\/desarrollo.grupomedios.com\/futbol\/wp-json\/wp\/v2\/media\/300303"}],"wp:attachment":[{"href":"http:\/\/desarrollo.grupomedios.com\/futbol\/wp-json\/wp\/v2\/media?parent=307307"}],"wp:term":[{"taxonomy":"category","embeddable":true,"href":"http:\/\/desarrollo.grupomedios.com\/futbol\/wp-json\/wp\/v2\/categories?post=307307"},{"taxonomy":"post_tag","embeddable":true,"href":"http:\/\/desarrollo.grupomedios.com\/futbol\/wp-json\/wp\/v2\/tags?post=307307"}],"curies":[{"name":"wp","href":"https:\/\/api.w.org\/{rel}","templated":true}]}}