{"id":307640,"date":"2015-08-30T09:32:04","date_gmt":"2015-08-30T14:32:04","guid":{"rendered":"http:\/\/futboltotal.com.mx\/?p=307640"},"modified":"2015-08-30T09:33:55","modified_gmt":"2015-08-30T14:33:55","slug":"kingslay-coman-nuevo-futbolista-del-bayern-munich","status":"publish","type":"post","link":"http:\/\/desarrollo.grupomedios.com\/futbol\/futbol-internacional\/kingslay-coman-nuevo-futbolista-del-bayern-munich\/2015\/08","title":{"rendered":"Kingslay Coman, la joya que Bayern rob\u00f3 a Juventus"},"content":{"rendered":"<p>El<strong> Bayern Munich<\/strong> lleva paso de campe\u00f3n en la presente Bundesliga, Tres partidos y tres\u00a0victorias\u00a0(solo la vista al Hoffenheim tuvo cierto grado de alerta) para afirmarse como el l\u00edder del certamen y como la entidad dominante, el equipo al cual apostar como el dominante al finalizar la campa\u00f1a. Sabe que esas son las expectativas y de nuevo fich\u00f3, en esta ocasi\u00f3n una joya francesa que llega desde la Juventus:\u00a0<strong>Kingslay Coman<\/strong>.<\/p>\n<p>El futbolista de 19 a\u00f1os, ganador con los <em>Bianconeri<\/em> el curso pasado de Serie A y Copa Italia, usar\u00e1 el dorsal n\u00famero 29 luego de pactar por dos a\u00f1os al atacante galo. <\/p>\n<blockquote class=\"instagram-media\" data-instgrm-captioned data-instgrm-version=\"4\" style=\" background:#FFF; border:0; border-radius:3px; box-shadow:0 0 1px 0 rgba(0,0,0,0.5),0 1px 10px 0 rgba(0,0,0,0.15); margin: 1px; max-width:500px; padding:0; width:99.375%; width:-webkit-calc(100% - 2px); width:calc(100% - 2px);\">\n<div style=\"padding:8px;\">\n<div style=\" background:#F8F8F8; line-height:0; margin-top:40px; padding:50.0% 0; text-align:center; width:100%;\">\n<div style=\" background:url(data:image\/png;base64,iVBORw0KGgoAAAANSUhEUgAAACwAAAAsCAMAAAApWqozAAAAGFBMVEUiIiI9PT0eHh4gIB4hIBkcHBwcHBwcHBydr+JQAAAACHRSTlMABA4YHyQsM5jtaMwAAADfSURBVDjL7ZVBEgMhCAQBAf\/\/42xcNbpAqakcM0ftUmFAAIBE81IqBJdS3lS6zs3bIpB9WED3YYXFPmHRfT8sgyrCP1x8uEUxLMzNWElFOYCV6mHWWwMzdPEKHlhLw7NWJqkHc4uIZphavDzA2JPzUDsBZziNae2S6owH8xPmX8G7zzgKEOPUoYHvGz1TBCxMkd3kwNVbU0gKHkx+iZILf77IofhrY1nYFnB\/lQPb79drWOyJVa\/DAvg9B\/rLB4cC+Nqgdz\/TvBbBnr6GBReqn\/nRmDgaQEej7WhonozjF+Y2I\/fZou\/qAAAAAElFTkSuQmCC); display:block; height:44px; margin:0 auto -44px; position:relative; top:-22px; width:44px;\"><\/div>\n<\/div>\n<p style=\" margin:8px 0 0 0; padding:0 4px;\"> <a href=\"https:\/\/instagram.com\/p\/7AmTIZEqIn\/\" style=\" color:#000; font-family:Arial,sans-serif; font-size:14px; font-style:normal; font-weight:normal; line-height:17px; text-decoration:none; word-wrap:break-word;\" target=\"_top\">DONE DEAL: #FCBayern have signed Kingsley #Coman (19) on loan from Juventus Turin. Contract until 30th June 2017. #MiaSanMia<\/a><\/p>\n<p style=\" color:#c9c8cd; font-family:Arial,sans-serif; font-size:14px; line-height:17px; margin-bottom:0; margin-top:8px; overflow:hidden; padding:8px 0 7px; text-align:center; text-overflow:ellipsis; white-space:nowrap;\">A photo posted by FC Bayern Official (@fcbayern) on <time style=\" font-family:Arial,sans-serif; font-size:14px; line-height:17px;\" datetime=\"2015-08-30T13:33:56+00:00\">Aug 30, 2015 at 6:33am PDT<\/time><\/p>\n<\/div>\n<\/blockquote>\n<p><script async defer src=\"\/\/platform.instagram.com\/en_US\/embeds.js\"><\/script><\/p>\n<p>&#8220;Estoy ansioso por jugar en el FC Bayern,&#8221;, desarroll\u00f3 Kingslay Coman. &#8220;Quiero dar el siguiente paso en mi carrera aqu\u00ed y contar con un rol importante en dos a\u00f1os de \u00e9xito para el FC Bayern&#8221;, abund\u00f3. <\/p>\n<p>Matthias Sammer, director deportivo del club, se mostr\u00f3 efusivo con la nueva cara del club:&#8221;Coman Kingsley es uno de los mayores talentos del f\u00fatbol europeo, por lo que estamos encantados de que hemos sido capaces de firmar por el FC Bayern a Kingsley Coman, un jugador r\u00e1pido, t\u00e9cnico y muy ofensivo. <\/p>\n<p>Las opciones de acuerdo tambi\u00e9n incluyen una opci\u00f3n para el Bayern para comprar en la cantera del l Paris-Saint Germain al final del per\u00edodo de pr\u00e9stamo.<\/p>\n<p><iframe loading=\"lazy\" src=\"https:\/\/www.youtube.com\/embed\/bFJK6fxWkIk?feature=oembed\" frameborder=\"0\" allowfullscreen><\/iframe><\/p>\n","protected":false},"excerpt":{"rendered":"<p>El campe\u00f3n de la Bundesliga va por m\u00e1s y cerr\u00f3 un refuerzo extra para su poderosa ofensiva <\/p>\n","protected":false},"author":20,"featured_media":307641,"comment_status":"open","ping_status":"open","sticky":false,"template":"","format":"standard","meta":[],"categories":[3839,5951],"tags":[2056,6141],"_links":{"self":[{"href":"http:\/\/desarrollo.grupomedios.com\/futbol\/wp-json\/wp\/v2\/posts\/307640"}],"collection":[{"href":"http:\/\/desarrollo.grupomedios.com\/futbol\/wp-json\/wp\/v2\/posts"}],"about":[{"href":"http:\/\/desarrollo.grupomedios.com\/futbol\/wp-json\/wp\/v2\/types\/post"}],"author":[{"embeddable":true,"href":"http:\/\/desarrollo.grupomedios.com\/futbol\/wp-json\/wp\/v2\/users\/20"}],"replies":[{"embeddable":true,"href":"http:\/\/desarrollo.grupomedios.com\/futbol\/wp-json\/wp\/v2\/comments?post=307640"}],"version-history":[{"count":0,"href":"http:\/\/desarrollo.grupomedios.com\/futbol\/wp-json\/wp\/v2\/posts\/307640\/revisions"}],"wp:featuredmedia":[{"embeddable":true,"href":"http:\/\/desarrollo.grupomedios.com\/futbol\/wp-json\/wp\/v2\/media\/307641"}],"wp:attachment":[{"href":"http:\/\/desarrollo.grupomedios.com\/futbol\/wp-json\/wp\/v2\/media?parent=307640"}],"wp:term":[{"taxonomy":"category","embeddable":true,"href":"http:\/\/desarrollo.grupomedios.com\/futbol\/wp-json\/wp\/v2\/categories?post=307640"},{"taxonomy":"post_tag","embeddable":true,"href":"http:\/\/desarrollo.grupomedios.com\/futbol\/wp-json\/wp\/v2\/tags?post=307640"}],"curies":[{"name":"wp","href":"https:\/\/api.w.org\/{rel}","templated":true}]}}