{"id":308185,"date":"2015-08-31T18:55:35","date_gmt":"2015-08-31T23:55:35","guid":{"rendered":"http:\/\/futboltotal.com.mx\/?p=308185"},"modified":"2015-08-31T20:43:01","modified_gmt":"2015-09-01T01:43:01","slug":"david-de-gea-no-sera-jugador-del-real-madrid","status":"publish","type":"post","link":"http:\/\/desarrollo.grupomedios.com\/futbol\/futbol-internacional\/david-de-gea-no-sera-jugador-del-real-madrid\/2015\/08","title":{"rendered":"\u00a1David de Gea no ser\u00e1 jugador del Real Madrid!"},"content":{"rendered":"<p>El portero espa\u00f1ol <strong>David de Gea<\/strong> no ser\u00e1 jugador del <strong>Real Madrid<\/strong>. Todo indicaba que la operaci\u00f3n entre el <strong>Manchester United<\/strong> y la entidad <em>merengue<\/em> estaba cerrada; sin embargo, los documentos de la operaci\u00f3n llegaron tarde a la sede de la Liga de Futbol Profesional (LFP), por lo que se cay\u00f3 la negociaci\u00f3n.<\/p>\n<p>A pesar de que este lunes los representantes del <strong>Real Madrid<\/strong> y el United <a href=\"http:\/\/futboltotal.com.mx\/2015\/08\/real-madrid-tiene-acuerdo-por-de-gea\/\">hab\u00edan alcanzado un principio de acuerdo para el traspaso de David de Gea<\/a> por 20 millones de euros -otros 10 millones en variables- y la partida\u00a0del portero costarricense <strong>Keylor Navas<\/strong> al cuadro ingl\u00e9s, la documentaci\u00f3n no fue presentada a tiempo.<\/p>\n<p>Las 24:00 horas de este 31 de agosto marcaban el tiempo l\u00edmite en el mercado de fichajes del futbol de Espa\u00f1a. Y seg\u00fan informa la prensa espa\u00f1ola, los documentos del operaci\u00f3n llegaron tarde a la LFP.<\/p>\n<p>De esta forma, el portero costarricense <strong>Keylor Navas<\/strong>, que se iba a ir traspasado al <strong>Manchester United<\/strong> por 15 millones, seguir\u00e1 siendo el meta del conjunto <em>merengue<\/em>, situaci\u00f3n que de acuerdo a la informaci\u00f3n de medios espa\u00f1oles no agrada al presidente del equipo blanco, Florentino P\u00e9rez.<\/p>\n<p><span style=\"color: #ff0000;\">\u00bfUn \u00faltimo esfuerzo?<\/span> | Seg\u00fan publica la prensa de Espa\u00f1a,\u00a0el <strong>Real Madrid<\/strong>, que\u00a0ya ten\u00eda prevista la presentaci\u00f3n de David de Gea para este martes en el Santiago Bernab\u00e9u, va a intentar demostrar que la documentaci\u00f3n lleg\u00f3 a las 23:59 horas, situaci\u00f3n que tambi\u00e9n el\u00a0Manchester United, escuadra que tambi\u00e9n\u00a0apunta que los papeles llegaron antes del cierre del mercado.<\/p>\n<p>La realidad es que para la LFP\u00a0no hay constancia de ese traspaso; no aparece en la lista oficial.<\/p>\n","protected":false},"excerpt":{"rendered":"<p>Los documentos de la operaci\u00f3n llegaron tarde a la LFP<\/p>\n","protected":false},"author":20,"featured_media":308188,"comment_status":"open","ping_status":"open","sticky":false,"template":"","format":"standard","meta":[],"categories":[3839,3844,3846,5951],"tags":[6072,5988],"_links":{"self":[{"href":"http:\/\/desarrollo.grupomedios.com\/futbol\/wp-json\/wp\/v2\/posts\/308185"}],"collection":[{"href":"http:\/\/desarrollo.grupomedios.com\/futbol\/wp-json\/wp\/v2\/posts"}],"about":[{"href":"http:\/\/desarrollo.grupomedios.com\/futbol\/wp-json\/wp\/v2\/types\/post"}],"author":[{"embeddable":true,"href":"http:\/\/desarrollo.grupomedios.com\/futbol\/wp-json\/wp\/v2\/users\/20"}],"replies":[{"embeddable":true,"href":"http:\/\/desarrollo.grupomedios.com\/futbol\/wp-json\/wp\/v2\/comments?post=308185"}],"version-history":[{"count":0,"href":"http:\/\/desarrollo.grupomedios.com\/futbol\/wp-json\/wp\/v2\/posts\/308185\/revisions"}],"wp:featuredmedia":[{"embeddable":true,"href":"http:\/\/desarrollo.grupomedios.com\/futbol\/wp-json\/wp\/v2\/media\/308188"}],"wp:attachment":[{"href":"http:\/\/desarrollo.grupomedios.com\/futbol\/wp-json\/wp\/v2\/media?parent=308185"}],"wp:term":[{"taxonomy":"category","embeddable":true,"href":"http:\/\/desarrollo.grupomedios.com\/futbol\/wp-json\/wp\/v2\/categories?post=308185"},{"taxonomy":"post_tag","embeddable":true,"href":"http:\/\/desarrollo.grupomedios.com\/futbol\/wp-json\/wp\/v2\/tags?post=308185"}],"curies":[{"name":"wp","href":"https:\/\/api.w.org\/{rel}","templated":true}]}}