{"id":308193,"date":"2015-08-31T19:49:03","date_gmt":"2015-09-01T00:49:03","guid":{"rendered":"http:\/\/futboltotal.com.mx\/?p=308193"},"modified":"2015-08-31T20:41:33","modified_gmt":"2015-09-01T01:41:33","slug":"mexicanos-en-la-champions-league-2015-16-2","status":"publish","type":"post","link":"http:\/\/desarrollo.grupomedios.com\/futbol\/futbol-internacional\/mexicanos-en-la-champions-league-2015-16-2\/2015\/08","title":{"rendered":"Hist\u00f3rica presencia de mexicanos en Champions"},"content":{"rendered":"<p>En puerta hay un viaje emblem\u00e1tico para los mexicanos: la edici\u00f3n 61 de la <strong>Champions League<\/strong>, el cual representa\u00a0el vig\u00e9simo curso en toda la historia del certamen en el que habr\u00e1 presencia <em>azteca<\/em>, aunque destaca que en la presente campa\u00f1a tendr\u00e1 mayor n\u00famero de participantes, con nueve.<\/p>\n<p>En la lista\u00a0figuran: Alan Pulido (Olympiakos),\u00a0Andr\u00e9s Guardado y H\u00e9ctor Moreno (PSV), H\u00e9ctor Herrera, Ra\u00fal Gudi\u00f1o, Miguel Lay\u00fan y Jes\u00fas Manuel Corona (Porto), Chicharito Hern\u00e1ndez (Bayer Leverkusen) y Ra\u00fal Jim\u00e9nez (Benfica).<\/p>\n<p>Su traves\u00eda tiene como precedente el curso 2007-08, donde hubo r\u00e9cord de <em>tricolores<\/em> en el certamen m\u00e1s prestigioso\u00a0 de clubes, con Rafael\u00a0M\u00e1rquez y <em>Gio<\/em> dos Santos (Barcelona), Carlos Salcido (PSV), Nery Castillo (Shakhtar), Ricardo Osorio y Pavel Pardo (Stuttgart).<\/p>\n<p>Tras el sorteo celebrado el pasado jueves,\u00a0quedaron definidos los ocho pelotones de la Fase de Grupos y qued\u00f3 marcado el camino que habr\u00e1n de recorrer los mexicanos que integran una legi\u00f3n \u00e9pica.<\/p>\n<p>Los mexicanos que disputan la <strong>Champions 2015-16<\/strong> tendr\u00e1n la oportunidad de emular los pasos del m\u00edtico <em>Rafa<\/em> M\u00e1rquez, \u00fanico jugador en alzar la <em>Orejona<\/em>, en 2006 y 2009,\u00a0como titular, o en su defecto de <em>Jona<\/em> dos Santos, un revulsivo que solo disput\u00f3 63 minutos en la campa\u00f1a 2010-11, cuando el Barcelona rob\u00f3 la gloria al Manchester United y al\u00a0<strong>Chicharito Hern\u00e1ndez<\/strong>.<\/p>\n<p><span style=\"color: #ff0000;\">El camino de los mexicanos en <strong>Champions<\/strong><\/span><\/p>\n<p><strong>Alan Pulido | Olympiakos<\/strong><\/p>\n<p>Al delantero reci\u00e9n fichado con el campe\u00f3n griego le espera toparse con el Bayern M\u00fanich de Pep Guardiola. Tambi\u00e9n tendr\u00e1 que enfrentar al Arsenal, comandado por Alexis S\u00e1nchez y Olivier Giroud, as\u00ed como al GNK Dinamo. Ayudar a los <em>hel\u00e9nicos<\/em> a avanzar de ronda, le pone un desaf\u00edo may\u00fasculo en el certamen en el que se estrenar\u00e1.<\/p>\n<p><strong>Andr\u00e9s Guardado<\/strong> y<strong> H\u00e9ctor Moreno | PSV<\/strong><\/p>\n<p>El conjunto holand\u00e9s qued\u00f3 emparejado junto con el Manchester United, CSKA y Wolfsburgo. Para Guardado y Moreno representa su regres\u00f3 a la \u00e9lite, despu\u00e9s de haber disputado con el Valencia, Bayer Leverkusen (2012-13, 2014) y AZ Alkmaar (2009-10) ediciones en las que ser campe\u00f3n qued\u00f3 en el limbo.<\/p>\n<p><a href=\"http:\/\/futboltotal.com.mx\/wp-content\/uploads\/2015\/08\/hector_moreno_psv_3.jpg\"><img decoding=\"async\" loading=\"lazy\" class=\"alignnone size-full wp-image-303500\" src=\"http:\/\/futboltotal.com.mx\/wp-content\/uploads\/2015\/08\/hector_moreno_psv_3.jpg\" alt=\"hector_moreno_psv_3\" srcset=\"http:\/\/desarrollo.grupomedios.com\/futbol\/wp-content\/uploads\/2015\/08\/hector_moreno_psv_3.jpg 820w, http:\/\/desarrollo.grupomedios.com\/futbol\/wp-content\/uploads\/2015\/08\/hector_moreno_psv_3-300x201.jpg 300w\" sizes=\"(max-width: 820px) 100vw, 820px\" \/><\/a><\/p>\n<p><strong>H\u00e9ctor Herrera<\/strong>,<strong> Ra\u00fal Gudi\u00f1o<\/strong>,<strong> Miguel Lay\u00fan<\/strong> y<strong> Jes\u00fas Corona | Porto<\/strong><\/p>\n<p>Es la vitrina que m\u00e1s gusta a <em>HH<\/em>, quien vivir\u00e1 su tercera edici\u00f3n y cuyo \u00faltimo antecedente fue erigirse como el mediocampista del Porto que m\u00e1s kil\u00f3metros recorri\u00f3. Para Gudi\u00f1o ser\u00e1 complicado tener minutos,\u00a0debido a la presencia de Casillas y Helton.<\/p>\n<p>Mientras que Lay\u00fan y <em>Tecatito<\/em> anhelan tener una oportunidad. Los rivales a los que enfrentar\u00e1n ser\u00e1n Chelsea, Dynamo Kiev y Tel Aviv.\u00a0Los cuatro <em>aztecas<\/em>\u00a0buscar\u00e1n ser clave para que los <em>Dragones<\/em>\u00a0llegue m\u00e1s all\u00e1 de los Cuartos de Final, instancia que alcanz\u00f3\u00a0el curso anterior.<\/p>\n<p><strong>Javier Hern\u00e1ndez | Bayer Leverkusen<\/strong><\/p>\n<p><strong>Chicharito<\/strong> est\u00e1 a las puertas de sumar su sexta participaci\u00f3n, una menos de las que tuvo <em>Rafa<\/em> M\u00e1rquez, el mexicano que tiene el r\u00e9cord de m\u00e1s ediciones (7) jugadas en <strong>Champions<\/strong>. Ahora,\u00a0con la escuadra <em>teutona<\/em> buscar\u00e1 ganarse la titularidad y demostrar que es un depredador del \u00e1rea. El ariete podr\u00e1 enfrentarse al PSV, CSKA y Wolfsburgo.<\/p>\n<p><a href=\"http:\/\/futboltotal.com.mx\/wp-content\/uploads\/2015\/08\/Chicharito-leverkusen.jpg\"><img decoding=\"async\" loading=\"lazy\" class=\"alignnone size-full wp-image-308163\" src=\"http:\/\/futboltotal.com.mx\/wp-content\/uploads\/2015\/08\/Chicharito-leverkusen.jpg\" alt=\"Chicharito-leverkusen\" srcset=\"http:\/\/desarrollo.grupomedios.com\/futbol\/wp-content\/uploads\/2015\/08\/Chicharito-leverkusen.jpg 850w, http:\/\/desarrollo.grupomedios.com\/futbol\/wp-content\/uploads\/2015\/08\/Chicharito-leverkusen-300x194.jpg 300w\" sizes=\"(max-width: 850px) 100vw, 850px\" \/><\/a><\/p>\n<p><strong>Ra\u00fal Jim\u00e9nez | Benfica<\/strong><\/p>\n<p>El ariete disputar\u00e1 por segunda vez el certamen, ahora lo har\u00e1 con las <em>\u00c1guilas<\/em>, cabezas de serie en el Grupo C. La suerte le depar\u00f3 una revancha anticipada: Jim\u00e9nez regresar\u00e1 al Vicente Calder\u00f3n para enfrentar a su ex equipo Atl\u00e9tico de Madrid, con el que no logr\u00f3 marcar gol en este certamen. Tambi\u00e9n tendr\u00e1 que enfrentar al Galatasaray y el modesto Astana, que por primera vez est\u00e1 en Fase de Grupos.<\/p>\n<p>[video_player]https:\/\/player.vimeo.com\/external\/137618699.sd.mp4?s=47758a5b1e62e231ab16553057e636e1&amp;profile_id=112[\/video_player]<\/p>\n","protected":false},"excerpt":{"rendered":"<p>Por primera vez habr\u00e1 nueve aztecas en la Fase de Grupos<\/p>\n","protected":false},"author":20,"featured_media":308198,"comment_status":"open","ping_status":"open","sticky":false,"template":"","format":"standard","meta":[],"categories":[3841,3839,5951],"tags":[36,120,4545],"_links":{"self":[{"href":"http:\/\/desarrollo.grupomedios.com\/futbol\/wp-json\/wp\/v2\/posts\/308193"}],"collection":[{"href":"http:\/\/desarrollo.grupomedios.com\/futbol\/wp-json\/wp\/v2\/posts"}],"about":[{"href":"http:\/\/desarrollo.grupomedios.com\/futbol\/wp-json\/wp\/v2\/types\/post"}],"author":[{"embeddable":true,"href":"http:\/\/desarrollo.grupomedios.com\/futbol\/wp-json\/wp\/v2\/users\/20"}],"replies":[{"embeddable":true,"href":"http:\/\/desarrollo.grupomedios.com\/futbol\/wp-json\/wp\/v2\/comments?post=308193"}],"version-history":[{"count":0,"href":"http:\/\/desarrollo.grupomedios.com\/futbol\/wp-json\/wp\/v2\/posts\/308193\/revisions"}],"wp:featuredmedia":[{"embeddable":true,"href":"http:\/\/desarrollo.grupomedios.com\/futbol\/wp-json\/wp\/v2\/media\/308198"}],"wp:attachment":[{"href":"http:\/\/desarrollo.grupomedios.com\/futbol\/wp-json\/wp\/v2\/media?parent=308193"}],"wp:term":[{"taxonomy":"category","embeddable":true,"href":"http:\/\/desarrollo.grupomedios.com\/futbol\/wp-json\/wp\/v2\/categories?post=308193"},{"taxonomy":"post_tag","embeddable":true,"href":"http:\/\/desarrollo.grupomedios.com\/futbol\/wp-json\/wp\/v2\/tags?post=308193"}],"curies":[{"name":"wp","href":"https:\/\/api.w.org\/{rel}","templated":true}]}}