{"id":308253,"date":"2015-09-01T12:37:45","date_gmt":"2015-09-01T17:37:45","guid":{"rendered":"http:\/\/futboltotal.com.mx\/?p=308253"},"modified":"2015-09-01T15:49:34","modified_gmt":"2015-09-01T20:49:34","slug":"fichajes-de-mexicanos-entre-los-mas-costosos","status":"publish","type":"post","link":"http:\/\/desarrollo.grupomedios.com\/futbol\/destacado-home\/fichajes-de-mexicanos-entre-los-mas-costosos\/2015\/09","title":{"rendered":"Fichajes de mexicanos, entre los m\u00e1s costosos"},"content":{"rendered":"<p><strong>H\u00e9ctor Moreno<\/strong>\u00a0y <strong><strong>Ra\u00fal Jim\u00e9nez<\/strong><\/strong>\u00a0aprovecharon el mercado de verano\u00a0en\u00a0Europa para buscar nuevos horizontes. En tanto,<strong>\u00a0Javier\u00a0Hern\u00e1ndez<\/strong>\u00a0y<strong> Jos\u00e9 Manuel\u00a0Corona<\/strong>\u00a0tambi\u00e9n se beneficiaron de este periodo y cambiaron de liga a contrarreloj. Al final, los fichajes de estos\u00a0cuatro mexicanos quedaron apuntalados entre las m\u00e1s costosas de sus respectivos clubes.<\/p>\n<p>El primero que logr\u00f3 el cambio de equipo fue <strong>H\u00e9ctor Moreno<\/strong>, cuyo fichaje se dio como el segundo m\u00e1s caro del PSV para esta temporada. El defensa central\u00a0dej\u00f3 al Espanyol, donde jug\u00f3 las \u00faltimas cuatro temporadas, despu\u00e9s de que la directiva de Eindhoven pag\u00f3 5 millones por su traspaso.<\/p>\n<p>La de Moreno qued\u00f3 entre las cinco contrataciones m\u00e1s relevantes del club en el presente\u00a0curso de verano, entre las cuales tambi\u00e9n figura el mexicano Andr\u00e9s Guardado, cuya carta fue adquirirda de manera definitiva por 2.8 millones de euros.<\/p>\n<p><strong>Top cinco transferencias | PSV <\/strong><\/p>\n<table style=\"height: 168px;\" border=\"1\" cellspacing=\"0\" cellpadding=\"4\">\n<colgroup>\n<col width=\"50*\" \/>\n<col width=\"50*\" \/>\n<col width=\"50*\" \/> <\/colgroup>\n<tbody>\n<tr valign=\"TOP\">\n<td width=\"33%\">\n<p align=\"CENTER\"><strong>Jugador<\/strong><\/p>\n<\/td>\n<td width=\"33%\">\n<p align=\"CENTER\"><strong>Costo MDE<\/strong><\/p>\n<\/td>\n<td width=\"33%\">\n<p align=\"CENTER\"><strong>Procedencia<\/strong><\/p>\n<\/td>\n<\/tr>\n<tr valign=\"TOP\">\n<td width=\"33%\">Gaston Pereiro<\/td>\n<td style=\"text-align: center;\" width=\"33%\">7<\/td>\n<td width=\"33%\">Nacional de Uruguay<\/td>\n<\/tr>\n<tr valign=\"TOP\">\n<td width=\"33%\">H\u00e9ctor Moreno<\/td>\n<td style=\"text-align: center;\" width=\"33%\">5<\/td>\n<td width=\"33%\">Espanyol<\/td>\n<\/tr>\n<tr valign=\"TOP\">\n<td width=\"33%\">Davy Pr\u00f6pper<\/td>\n<td style=\"text-align: center;\" width=\"33%\">5<\/td>\n<td width=\"33%\">Vitesse<\/td>\n<\/tr>\n<tr valign=\"TOP\">\n<td width=\"33%\">Andr\u00e9s Guardado<\/td>\n<td style=\"text-align: center;\" width=\"33%\">2.8<\/td>\n<td width=\"33%\">Valencia<\/td>\n<\/tr>\n<tr valign=\"TOP\">\n<td width=\"33%\">Nicolas Isimat-Irin<\/td>\n<td style=\"text-align: center;\" width=\"33%\">2.4<\/td>\n<td width=\"33%\">M\u00f3naco<\/td>\n<\/tr>\n<\/tbody>\n<\/table>\n<p>La liga de Portugal\u00a0abri\u00f3 las puertas para a la legi\u00f3n<em> azteca<\/em>\u00a0en el presente mercado con la contrataci\u00f3n de <strong>Ra\u00fal Jim\u00e9nez<\/strong> por el Benfica. Despu\u00e9s, se dieron las llegadas de\u00a0<strong>Tecatito Corona<\/strong> y <strong>Miguel Lay\u00fan<\/strong> al Porto.<\/p>\n<p>De los tres\u00a0<em>aztecas<\/em> que llegaron al balompi\u00e9 <em>lusitano<\/em>, el de\u00a0mayor costo fue\u00a0el ahora ex delantero del Twente, desembarcado en Oporto por 10.5 millones de euros.\u00a0En tanto,\u00a0el otrora\u00a0delantero del Atl\u00e9tico de Madrid, repres\u00f3 la tercera trasferencia m\u00e1s costoso en el futbol de Portugal, pues en el Benfica pag\u00f3\u00a09 mde.<\/p>\n<p>El caso del ex elemento del Watford fue distinto, ya que lleg\u00f3 cedido por una temporada con opci\u00f3n a compra.<\/p>\n<p><strong>Top cinco transferencias | Portugal <\/strong><\/p>\n<table style=\"height: 168px;\" border=\"1\" cellspacing=\"0\" cellpadding=\"4\">\n<tbody>\n<tr valign=\"TOP\">\n<td width=\"33%\">\n<p align=\"CENTER\"><strong>Jugador<\/strong><\/p>\n<\/td>\n<td width=\"33%\">\n<p align=\"CENTER\"><strong>Costo MDE<\/strong><\/p>\n<\/td>\n<td width=\"33%\">\n<p align=\"CENTER\"><strong>Procedencia<\/strong><\/p>\n<\/td>\n<\/tr>\n<tr valign=\"TOP\">\n<td width=\"33%\">Giannelli Imbula<\/td>\n<td style=\"text-align: center;\" width=\"33%\">20<\/td>\n<td width=\"33%\">Olympique Marsella<\/td>\n<\/tr>\n<tr valign=\"TOP\">\n<td width=\"33%\">Tecatito Corona<\/td>\n<td style=\"text-align: center;\" width=\"33%\">10.5<\/td>\n<td width=\"33%\">Twente<\/td>\n<\/tr>\n<tr valign=\"TOP\">\n<td width=\"33%\">Ra\u00fal Jim\u00e9nez<\/td>\n<td style=\"text-align: center;\" width=\"33%\">9<\/td>\n<td width=\"33%\">Atl\u00e9tico de Madrid<\/td>\n<\/tr>\n<tr valign=\"TOP\">\n<td width=\"33%\">Danilo Pereira<\/td>\n<td style=\"text-align: center;\" width=\"33%\">4<\/td>\n<td width=\"33%\">Mar\u00edtimo<\/td>\n<\/tr>\n<tr valign=\"TOP\">\n<td width=\"33%\">Bruno Paulista<\/td>\n<td style=\"text-align: center;\" width=\"33%\">3.5<\/td>\n<td width=\"33%\">\u00a0Bahia<\/td>\n<\/tr>\n<\/tbody>\n<\/table>\n<p>En Alemania, el Bayer Leverkusen le colg\u00f3 la etiqueta del refuerzo costoso\u00a0a <strong>Javier Hern\u00e1ndez<\/strong>, cuyo traspaso ronda los 12 millones de euros, seg\u00fan la fuente que se consulte. El portal especializado<em> Transfermarket<\/em> registra dicha cifra, mientras el diario <em>Kicker<strong>\u00a0<\/strong><\/em>apunta que el traspaso qued\u00f3 cerrado en 11 mde.<\/p>\n<p>A <strong>Chicharito<\/strong>\u00a0le alcanza para quedar entre las llegadas estelares e incluso entre los 10 m\u00e1s caros de esta campa\u00f1a e incluso del campeonato,\u00a0 al quedar situado en el puesto seis junto a Johannes Geis (Schalke) y Max Kruse (Wolfsburgo), porquienes mpagarons 12 mde.<\/p>\n<p><strong>Top cinco fichajes | Bayer Leverkusen<\/strong><\/p>\n<table style=\"height: 168px;\" border=\"1\" cellspacing=\"0\" cellpadding=\"4\">\n<tbody>\n<tr valign=\"TOP\">\n<td width=\"33%\">\n<p align=\"CENTER\"><strong>Jugador<\/strong><\/p>\n<\/td>\n<td width=\"33%\">\n<p align=\"CENTER\"><strong>Costo MDE<\/strong><\/p>\n<\/td>\n<td width=\"33%\">\n<p align=\"CENTER\"><strong>Procedencia<\/strong><\/p>\n<\/td>\n<\/tr>\n<tr valign=\"TOP\">\n<td width=\"33%\">Charles Aranguiz<\/td>\n<td style=\"text-align: center;\" width=\"33%\">13<\/td>\n<td width=\"33%\">Internacional<\/td>\n<\/tr>\n<tr valign=\"TOP\">\n<td width=\"33%\">Chicharito Hern\u00e1ndez<\/td>\n<td style=\"text-align: center;\" width=\"33%\">12<\/td>\n<td width=\"33%\">Manchester United<\/td>\n<\/tr>\n<tr valign=\"TOP\">\n<td width=\"33%\">Kevin Kampl<\/td>\n<td style=\"text-align: center;\" width=\"33%\">11<\/td>\n<td width=\"33%\">Borussia Dortmun<\/td>\n<\/tr>\n<tr valign=\"TOP\">\n<td width=\"33%\">Admir Mehmedi<\/td>\n<td style=\"text-align: center;\" width=\"33%\">8<\/td>\n<td width=\"33%\">\u00a0SC Freiburg<\/td>\n<\/tr>\n<tr valign=\"TOP\">\n<td width=\"33%\">Jonathan Tah<\/td>\n<td style=\"text-align: center;\" width=\"33%\">3.5<\/td>\n<td width=\"33%\">\u00a0Hamburguer<\/td>\n<\/tr>\n<\/tbody>\n<\/table>\n<p>[video_player]https:\/\/player.vimeo.com\/external\/137910199.hd.mp4?s=14a2e9f522a8b303f5cff08407a89ac9&amp;profile_id=113 [\/video_player]<\/p>\n","protected":false},"excerpt":{"rendered":"<p>El delantero Ra\u00fal Jim\u00e9nez fue la contrataci\u00f3n m\u00e1s alta del Benfica<\/p>\n","protected":false},"author":20,"featured_media":308298,"comment_status":"open","ping_status":"open","sticky":false,"template":"","format":"standard","meta":[],"categories":[5,3839],"tags":[120,640,742,6045],"_links":{"self":[{"href":"http:\/\/desarrollo.grupomedios.com\/futbol\/wp-json\/wp\/v2\/posts\/308253"}],"collection":[{"href":"http:\/\/desarrollo.grupomedios.com\/futbol\/wp-json\/wp\/v2\/posts"}],"about":[{"href":"http:\/\/desarrollo.grupomedios.com\/futbol\/wp-json\/wp\/v2\/types\/post"}],"author":[{"embeddable":true,"href":"http:\/\/desarrollo.grupomedios.com\/futbol\/wp-json\/wp\/v2\/users\/20"}],"replies":[{"embeddable":true,"href":"http:\/\/desarrollo.grupomedios.com\/futbol\/wp-json\/wp\/v2\/comments?post=308253"}],"version-history":[{"count":0,"href":"http:\/\/desarrollo.grupomedios.com\/futbol\/wp-json\/wp\/v2\/posts\/308253\/revisions"}],"wp:featuredmedia":[{"embeddable":true,"href":"http:\/\/desarrollo.grupomedios.com\/futbol\/wp-json\/wp\/v2\/media\/308298"}],"wp:attachment":[{"href":"http:\/\/desarrollo.grupomedios.com\/futbol\/wp-json\/wp\/v2\/media?parent=308253"}],"wp:term":[{"taxonomy":"category","embeddable":true,"href":"http:\/\/desarrollo.grupomedios.com\/futbol\/wp-json\/wp\/v2\/categories?post=308253"},{"taxonomy":"post_tag","embeddable":true,"href":"http:\/\/desarrollo.grupomedios.com\/futbol\/wp-json\/wp\/v2\/tags?post=308253"}],"curies":[{"name":"wp","href":"https:\/\/api.w.org\/{rel}","templated":true}]}}