{"id":308294,"date":"2015-09-01T15:08:53","date_gmt":"2015-09-01T20:08:53","guid":{"rendered":"http:\/\/futboltotal.com.mx\/?p=308294"},"modified":"2015-09-01T16:11:47","modified_gmt":"2015-09-01T21:11:47","slug":"los-fichajes-mas-caros-por-liga-en-europa","status":"publish","type":"post","link":"http:\/\/desarrollo.grupomedios.com\/futbol\/destacado-home\/los-fichajes-mas-caros-por-liga-en-europa\/2015\/09","title":{"rendered":"Los fichajes m\u00e1s caros por liga en Europa"},"content":{"rendered":"<p><strong><a href=\"http:\/\/futboltotal.com.mx\/2015\/08\/en-vivo-mercado-de-fichajes\/\">El mercado de transferencias lleg\u00f3 a su fin<\/a><\/strong> en el <em>Viejo Continente<\/em>. La locura que cada verano se espera dej\u00f3 altas\u00a0inimaginables, de inicio a ocaso. El Barcelona compr\u00f3 y ni siquiera podr\u00e1 utilizar a su fichajes; Liverpool dej\u00f3 ir a su joya con un malet\u00edn lleno de billetes\u00a0y el Manchester United sobre el final de la chicharra compr\u00f3 a un joven por 70 millones de euros, exorbitante suma la pagada por Anthony Martial, por la que surgi\u00f3 un inconveniente:<a href=\"http:\/\/futboltotal.com.mx\/2015\/09\/wayne-rooney-desconoce-a-anthony-martial\/\"> Wayne Rooney no conoc\u00eda al muchacho<\/a> que lo acompa\u00f1ar\u00e1 en el ataque.<\/p>\n<p><a href=\"http:\/\/futboltotal.com.mx\/2015\/09\/real-madrid-pagara-10-millones-por-david-de-gea\/\">Entre sue\u00f1os frustrado<\/a>s, <a href=\"http:\/\/futboltotal.com.mx\/2015\/09\/fichajes-de-mexicanos-entre-los-mas-costosos\/\">mexicanos con sonrisas y nuevas metas<\/a>\u00a0y,\u00a0<a href=\"http:\/\/futboltotal.com.mx\/2015\/08\/kevin-de-bruyne-nuevo-jugador-del-manchester-city\/\">compras de aut\u00e9ntica locura<\/a>, repasamos los <strong>fichajes m\u00e1s caros por las siete mejores ligas de Europa.<\/strong><\/p>\n<p><a href=\"http:\/\/futboltotal.com.mx\/wp-content\/uploads\/2015\/09\/Fichajes_europa-1.jpg\"><img decoding=\"async\" loading=\"lazy\" class=\"alignnone size-full wp-image-308329\" src=\"http:\/\/futboltotal.com.mx\/wp-content\/uploads\/2015\/09\/Fichajes_europa-1.jpg\" alt=\"Fichajes_europa (1)\" srcset=\"http:\/\/desarrollo.grupomedios.com\/futbol\/wp-content\/uploads\/2015\/09\/Fichajes_europa-1.jpg 1459w, http:\/\/desarrollo.grupomedios.com\/futbol\/wp-content\/uploads\/2015\/09\/Fichajes_europa-1-180x300.jpg 180w, http:\/\/desarrollo.grupomedios.com\/futbol\/wp-content\/uploads\/2015\/09\/Fichajes_europa-1-614x1024.jpg 614w\" sizes=\"(max-width: 1459px) 100vw, 1459px\" \/><\/a><\/p>\n<h2 style=\"text-align: center;\"><span style=\"color: #008000;\"><strong><span style=\"text-decoration: underline;\">Cinco fichajes m\u00e1s caros por liga<\/span><\/strong><\/span><\/h2>\n<p><strong><span style=\"color: #800080;\">Liga Espa\u00f1ola\u00a0<\/span><\/strong><\/p>\n<table class=\"tabla_estufa\">\n<tbody>\n<tr>\n<td>Jackson Mart\u00ednez<\/td>\n<td>35 millones de euros<\/td>\n<td>(Porto a Atl\u00e9tico de Madrid)<\/td>\n<\/tr>\n<tr>\n<td>Mateo Kovacic<\/td>\n<td>35 millones de euros<\/td>\n<td>(Inter a Real Madrid)<\/td>\n<\/tr>\n<tr>\n<td>Arda Turan<\/td>\n<td>34 millones de euros<\/td>\n<td>(Atl\u00e9tico de Madrid a\u00a0 Barcelona)<\/td>\n<\/tr>\n<tr>\n<td>Danilo<\/td>\n<td>31.5 millones de euros<\/td>\n<td>(Porto a Real Madrid)<\/td>\n<\/tr>\n<tr>\n<td>Rodrigo<\/td>\n<td>30 millones de euros<\/td>\n<td>(Benfica a Valencia)<\/td>\n<\/tr>\n<\/tbody>\n<\/table>\n<p><strong><span style=\"color: #800080;\">Premier League\u00a0<\/span><\/strong><\/p>\n<table>\n<tbody>\n<tr>\n<td>Kevin de Bruyne<\/td>\n<td>75 millones de euros<\/td>\n<td>(Wolfsburgo a Manchester City)<\/td>\n<\/tr>\n<tr>\n<td>Anthony Martial<\/td>\n<td>70 millones de euros<\/td>\n<td>( M\u00f3naco a Manchester United )<\/td>\n<\/tr>\n<tr>\n<td>Raheem Sterling<\/td>\n<td>62.5 millones de euros<\/td>\n<td>(Liverpool a Manchester City)<\/td>\n<\/tr>\n<tr>\n<td>Christian Benteke<\/td>\n<td>46.5 millones de euros<\/td>\n<td>(Aston Villa a Liverpool)<\/td>\n<\/tr>\n<tr>\n<td>Nicol\u00e1s Otamendi<\/td>\n<td>44.6 millones de euros<\/td>\n<td>(Valencia a Manchester City)<\/td>\n<\/tr>\n<\/tbody>\n<\/table>\n<p><strong><span style=\"color: #800080;\">Serie A<\/span><\/strong><\/p>\n<table>\n<tbody>\n<tr>\n<td>Paulo Dybala<\/td>\n<td>32 millones de euros<\/td>\n<td>(Palermo a Juventus)<\/td>\n<\/tr>\n<tr>\n<td>Carlos Bacca<\/td>\n<td>30 millones de euros<\/td>\n<td>(Sevilla a Milan)<\/td>\n<\/tr>\n<tr>\n<td>Geoffrey Kondogbia<\/td>\n<td>30 millones de euros<\/td>\n<td>(M\u00f3naco a Inter)<\/td>\n<\/tr>\n<tr>\n<td>Alex Sandro<\/td>\n<td>26 millones de euros<\/td>\n<td>(Porto a Juventus)<\/td>\n<\/tr>\n<tr>\n<td>Alessio Romagnoli<\/td>\n<td>25 millones de euros<\/td>\n<td>(Roma a Milan)<\/td>\n<\/tr>\n<\/tbody>\n<\/table>\n<p><strong><span style=\"color: #800080;\">Bundesliga<\/span><\/strong><\/p>\n<table>\n<tbody>\n<tr>\n<td>Arturo Vidal<\/td>\n<td>37 millones de euros<\/td>\n<td>(Juventus a Bayern Munich)<\/td>\n<\/tr>\n<tr>\n<td>Julian Draxler<\/td>\n<td>36 millones de euros<\/td>\n<td>(Schalke 04 a Wolfsburgo)<\/td>\n<\/tr>\n<tr>\n<td>Douglas Costa<\/td>\n<td>30 millones de euros<\/td>\n<td>(Shakhtar Donetsk a Bayern Munich)<\/td>\n<\/tr>\n<tr>\n<td>Charles Ar\u00e1nguiz<\/td>\n<td>13 millones de euros<\/td>\n<td>(Inter de Porto Alegre a Bayer Leverkusen)<\/td>\n<\/tr>\n<tr>\n<td>Chicharito Hern\u00e1ndez<\/td>\n<td>12 millones de euros<\/td>\n<td>(Manchester United a Bayer Leverkusen)<\/td>\n<\/tr>\n<\/tbody>\n<\/table>\n<p><strong><span style=\"color: #800080;\">Primeira Liga<\/span><\/strong><\/p>\n<table>\n<tbody>\n<tr>\n<td>Gianelli Imbula<\/td>\n<td>20 millones de euros<\/td>\n<td>(M\u00f3naco a Porto)<\/td>\n<\/tr>\n<tr>\n<td>Tecatito Corona<\/td>\n<td>10.5 millones de euros<\/td>\n<td>(Twente a Porto)<\/td>\n<\/tr>\n<tr>\n<td>Ra\u00fal Jim\u00e9nez<\/td>\n<td>9 millones de euros<\/td>\n<td>(Atl\u00e9tico de Madrid a Benfica)<\/td>\n<\/tr>\n<tr>\n<td>Danilo Pereira<\/td>\n<td>4 millones de euros<\/td>\n<td>(Mar\u00edtimo a Porto)<\/td>\n<\/tr>\n<tr>\n<td>Bruno Paulista<\/td>\n<td>3.5 millones de euros<\/td>\n<td>(Bah\u00eda a Sporting Lisboa)<\/td>\n<\/tr>\n<\/tbody>\n<\/table>\n<p><strong><span style=\"color: #800080;\">Ligue 1\u00a0<\/span><\/strong><\/p>\n<table>\n<tbody>\n<tr>\n<td>\u00c1ngel Di Mar\u00eda<\/td>\n<td>63 millones de euros<\/td>\n<td>(Manchester United a PSG)<\/td>\n<\/tr>\n<tr>\n<td>Layvin Kurzawa<\/td>\n<td>25 millones de euros<\/td>\n<td>(M\u00f3naco a PSG)<\/td>\n<\/tr>\n<tr>\n<td>Ivan Cavaleiro<\/td>\n<td>15 millones de euros<\/td>\n<td>(Benfica a M\u00f3naco)<\/td>\n<\/tr>\n<tr>\n<td>Adama Traor\u00e9<\/td>\n<td>14 millones de euros<\/td>\n<td>(Lille a M\u00f3naco)<\/td>\n<\/tr>\n<tr>\n<td>Rony Lopes<\/td>\n<td>12 millones de euros<\/td>\n<td>(Manchester City a M\u00f3naco)<\/td>\n<\/tr>\n<\/tbody>\n<\/table>\n<p><span style=\"color: #800080;\"><strong>Eredivisie\u00a0<\/strong><\/span><\/p>\n<table>\n<tbody>\n<tr>\n<td>Gast\u00f3n Pereiro<\/td>\n<td>7 millones de euros<\/td>\n<td>(Nacional a PSV)<\/td>\n<\/tr>\n<tr>\n<td>Nemanja Gudelj<\/td>\n<td>6 millones de euros<\/td>\n<td>(AZ Alkmaar a Ajax)<\/td>\n<\/tr>\n<tr>\n<td>H\u00e9ctor Moreno<\/td>\n<td>5 millones de euros<\/td>\n<td>(Espanyol a PSV)<\/td>\n<\/tr>\n<tr>\n<td>Davy Pr\u00f6pper<\/td>\n<td>4 millones de euros<\/td>\n<td>(Vitesse a PSV)<\/td>\n<\/tr>\n<tr>\n<td>Marko Vejinovic<\/td>\n<td>3.5 millones de euros<\/td>\n<td>(Vitesse a Feyenoord)<\/td>\n<\/tr>\n<\/tbody>\n<\/table>\n<p>[video_player]https:\/\/player.vimeo.com\/external\/137910199.hd.mp4?s=14a2e9f522a8b303f5cff08407a89ac9&amp;profile_id=113 [\/video_player]<\/p>\n","protected":false},"excerpt":{"rendered":"<p>Te presentamos una recopilaci\u00f3n de las contrataciones en las mejores ligas del Viejo Continente<\/p>\n","protected":false},"author":20,"featured_media":308328,"comment_status":"open","ping_status":"open","sticky":false,"template":"","format":"standard","meta":[],"categories":[5,3839],"tags":[640,6147],"_links":{"self":[{"href":"http:\/\/desarrollo.grupomedios.com\/futbol\/wp-json\/wp\/v2\/posts\/308294"}],"collection":[{"href":"http:\/\/desarrollo.grupomedios.com\/futbol\/wp-json\/wp\/v2\/posts"}],"about":[{"href":"http:\/\/desarrollo.grupomedios.com\/futbol\/wp-json\/wp\/v2\/types\/post"}],"author":[{"embeddable":true,"href":"http:\/\/desarrollo.grupomedios.com\/futbol\/wp-json\/wp\/v2\/users\/20"}],"replies":[{"embeddable":true,"href":"http:\/\/desarrollo.grupomedios.com\/futbol\/wp-json\/wp\/v2\/comments?post=308294"}],"version-history":[{"count":0,"href":"http:\/\/desarrollo.grupomedios.com\/futbol\/wp-json\/wp\/v2\/posts\/308294\/revisions"}],"wp:featuredmedia":[{"embeddable":true,"href":"http:\/\/desarrollo.grupomedios.com\/futbol\/wp-json\/wp\/v2\/media\/308328"}],"wp:attachment":[{"href":"http:\/\/desarrollo.grupomedios.com\/futbol\/wp-json\/wp\/v2\/media?parent=308294"}],"wp:term":[{"taxonomy":"category","embeddable":true,"href":"http:\/\/desarrollo.grupomedios.com\/futbol\/wp-json\/wp\/v2\/categories?post=308294"},{"taxonomy":"post_tag","embeddable":true,"href":"http:\/\/desarrollo.grupomedios.com\/futbol\/wp-json\/wp\/v2\/tags?post=308294"}],"curies":[{"name":"wp","href":"https:\/\/api.w.org\/{rel}","templated":true}]}}