{"id":308309,"date":"2015-09-01T13:48:31","date_gmt":"2015-09-01T18:48:31","guid":{"rendered":"http:\/\/futboltotal.com.mx\/?p=308309"},"modified":"2015-09-01T15:43:56","modified_gmt":"2015-09-01T20:43:56","slug":"real-madrid-pagara-10-millones-por-david-de-gea","status":"publish","type":"post","link":"http:\/\/desarrollo.grupomedios.com\/futbol\/futbol-internacional\/real-madrid-pagara-10-millones-por-david-de-gea\/2015\/09","title":{"rendered":"Real Madrid pagar\u00e1 10 millones por David de Gea"},"content":{"rendered":"<p><strong>Real Madrid<\/strong> estaba tan seguro de contar con <strong>David de Gea<\/strong> que en una cl\u00e1usula de precontrato asegur\u00f3 10 millones de euros por el cancerbero espa\u00f1ol, situaci\u00f3n del acuerdo que deber\u00e1 cumplir pese a que<strong><a href=\"http:\/\/futboltotal.com.mx\/2015\/09\/la-razon-por-la-que-david-de-gea-no-ficho-con-el-real-madrid\/\"> la operaci\u00f3n fall\u00f3 por culpa del Manchester United.<\/a><\/strong><\/p>\n<p>La entidad merengue se comprometi\u00f3 a pagar a David de Gea una indemnizaci\u00f3n de diez millones de euros, seg\u00fan revela el <em>Diario As, <\/em>en caso de que la operaci\u00f3n no fuera pactada.<\/p>\n<p>Con la noticia confirmada tras el comunicado en que Real Madrid culpa al Manchester United, falta por saber ahora qu\u00e9 ocurrir\u00e1. Si el Madrid da por perdido de todas al portero madrile\u00f1o o quiere esperar a la temporada que viene cuando acaba contrato.<\/p>\n<p>El portero termina contrato el 30 de junio el a\u00f1o que viene. Van Gaal repiti\u00f3 que el 1 de septiembre la situaci\u00f3n del jugador pod\u00eda cambiar y ahora se abre la puerta a un escenario distinto: puede que De Gea siga sin jugar pero tambi\u00e9n que el jugador recomponga la situaci\u00f3n y acabe renovando por el United.<\/p>\n<p>&nbsp;<\/p>\n<p>&nbsp;<\/p>\n","protected":false},"excerpt":{"rendered":"<p>Pese a no concretar la operaci\u00f3n, la cifra ser\u00e1 depositada como indemnizaci\u00f3n <\/p>\n","protected":false},"author":20,"featured_media":308408,"comment_status":"open","ping_status":"open","sticky":false,"template":"","format":"standard","meta":[],"categories":[3839,3844,5951],"tags":[6072,5988],"_links":{"self":[{"href":"http:\/\/desarrollo.grupomedios.com\/futbol\/wp-json\/wp\/v2\/posts\/308309"}],"collection":[{"href":"http:\/\/desarrollo.grupomedios.com\/futbol\/wp-json\/wp\/v2\/posts"}],"about":[{"href":"http:\/\/desarrollo.grupomedios.com\/futbol\/wp-json\/wp\/v2\/types\/post"}],"author":[{"embeddable":true,"href":"http:\/\/desarrollo.grupomedios.com\/futbol\/wp-json\/wp\/v2\/users\/20"}],"replies":[{"embeddable":true,"href":"http:\/\/desarrollo.grupomedios.com\/futbol\/wp-json\/wp\/v2\/comments?post=308309"}],"version-history":[{"count":0,"href":"http:\/\/desarrollo.grupomedios.com\/futbol\/wp-json\/wp\/v2\/posts\/308309\/revisions"}],"wp:featuredmedia":[{"embeddable":true,"href":"http:\/\/desarrollo.grupomedios.com\/futbol\/wp-json\/wp\/v2\/media\/308408"}],"wp:attachment":[{"href":"http:\/\/desarrollo.grupomedios.com\/futbol\/wp-json\/wp\/v2\/media?parent=308309"}],"wp:term":[{"taxonomy":"category","embeddable":true,"href":"http:\/\/desarrollo.grupomedios.com\/futbol\/wp-json\/wp\/v2\/categories?post=308309"},{"taxonomy":"post_tag","embeddable":true,"href":"http:\/\/desarrollo.grupomedios.com\/futbol\/wp-json\/wp\/v2\/tags?post=308309"}],"curies":[{"name":"wp","href":"https:\/\/api.w.org\/{rel}","templated":true}]}}