{"id":308325,"date":"2015-09-01T15:23:49","date_gmt":"2015-09-01T20:23:49","guid":{"rendered":"http:\/\/futboltotal.com.mx\/?p=308325"},"modified":"2015-09-01T20:58:18","modified_gmt":"2015-09-02T01:58:18","slug":"los-posibles-sustitutos-de-uche-en-tigres","status":"publish","type":"post","link":"http:\/\/desarrollo.grupomedios.com\/futbol\/futbol-mexicano\/los-posibles-sustitutos-de-uche-en-tigres\/2015\/09","title":{"rendered":"Los posibles sustitutos de Uche en Tigres"},"content":{"rendered":"<p>Tras oficializarse la baja de <strong>Ikechukwu Uche<\/strong> de <strong><a href=\"http:\/\/www.futboltotal.com.mx\/equipos\/tigres\/\" target=\"_blank\">Tigres<\/a><\/strong>, el cuadro regiomontano tiene una plaza de extranjero libre, por lo que podr\u00eda buscar a alg\u00fan futbolista que cubra el lugar del nigeriano, a escasos d\u00edas del cierre de fichajes en todo el mundo.<\/p>\n<p><strong>Tigres<\/strong> tiene hasta el 6 de septiembre para cubrir el puesto que deja <strong>Uche<\/strong>, y al futbolista tambi\u00e9n le queda ese lapso para encontrar un equipo.<\/p>\n<p>Por eso en <strong>Futbol Total<\/strong> presentamos a los posibles sustitutos de Uche en <strong>Tigres<\/strong>; de acuerdo a los futbolistas que fueron vinculados con los felinos de cara al Apertura 2015, antes de que el club sorprendiera con Gignac, <strong>Uche<\/strong>, Aquino y Damm.<\/p>\n<p><strong>Francisco Meza |<\/strong> El defensor del Independiente de Santa Fe, fue fichado por Tigres en junio de 2015; sin embargo, el cuadro de la UANL lo cedi\u00f3 a pr\u00e9stamo al club colombiano. Por ello, el cuadro <em>felino<\/em> podr\u00eda pedir que el zaguero se integre a sus filas, para cubrir el lugar del ex de Villarreal, aunque su plantel ya tiene varios defensas centrales.<\/p>\n<p>&#8220;Francisco Meza permanecer\u00e1 en la instituci\u00f3n pero pertenece a Tigres. \u00c9l ir\u00e1 a esa instituci\u00f3n cuando lo requieran&#8221;, se\u00f1al\u00f3 C\u00e9sar Pastrana, presidente del Independiente de Medell\u00edn, cuando se dio el acuerdo entre el club <em>cafetero<\/em> y el mexicano.<\/p>\n<p><strong>David Barral |<\/strong> El delantero espa\u00f1ol fue vinculado con el equipo felino durante el mercado de transferencias del verano de 2015; no obstante, su traspaso no se dio, por eso Tigres podr\u00eda interesarse nuevamente en \u00e9l, ya que Fernando Uribe y Christian Cueva, quienes se ve\u00edan cerca del cuadro <em>regio<\/em>, fueron contratados por Toluca.<\/p>\n<p><strong>Esteban Paredes |<\/strong> El atacante del Colo Colo estaba en la mira de Tigres para reforzarse de cara a la segunda ronda de la Copa Libertadores 2015, pero su traspaso nunca se concret\u00f3, pues el <em>Tuca<\/em>\u00a0pudo superar los Octavos de Final con el plantel que jug\u00f3 el Clausura 2015. Paredes ya conoce la Liga MX, pues jug\u00f3 con Atlante y Quer\u00e9taro.<\/p>\n<p><strong>Hernane Vidal de Souza |<\/strong> El brasile\u00f1o tambi\u00e9n fue vinculado a Tigres como refuerzo para la Copa Libertadores. Hernane tuvo un paso por el futbol \u00e1rabe, pero su estancia ah\u00ed termin\u00f3, y aunque su carta pertenece al Flamengo, el club\u00a0brasile\u00f1o\u00a0no lo tiene considerado, por lo que tiene la facilidad y necesidad, de encontrar club.<\/p>\n<p>&nbsp;<\/p>\n<p>[video_player]https:\/\/player.vimeo.com\/external\/137910199.hd.mp4?s=14a2e9f522a8b303f5cff08407a89ac9&amp;profile_id=113 [\/video_player]<\/p>\n","protected":false},"excerpt":{"rendered":"<p>Tras la salida del nigeriano, Tigres podr\u00eda encontrar reemplazo en alguno de los siguientes jugadores.<\/p>\n","protected":false},"author":20,"featured_media":308395,"comment_status":"open","ping_status":"open","sticky":false,"template":"","format":"standard","meta":[],"categories":[2198,3845,5950],"tags":[5575,5973],"_links":{"self":[{"href":"http:\/\/desarrollo.grupomedios.com\/futbol\/wp-json\/wp\/v2\/posts\/308325"}],"collection":[{"href":"http:\/\/desarrollo.grupomedios.com\/futbol\/wp-json\/wp\/v2\/posts"}],"about":[{"href":"http:\/\/desarrollo.grupomedios.com\/futbol\/wp-json\/wp\/v2\/types\/post"}],"author":[{"embeddable":true,"href":"http:\/\/desarrollo.grupomedios.com\/futbol\/wp-json\/wp\/v2\/users\/20"}],"replies":[{"embeddable":true,"href":"http:\/\/desarrollo.grupomedios.com\/futbol\/wp-json\/wp\/v2\/comments?post=308325"}],"version-history":[{"count":0,"href":"http:\/\/desarrollo.grupomedios.com\/futbol\/wp-json\/wp\/v2\/posts\/308325\/revisions"}],"wp:featuredmedia":[{"embeddable":true,"href":"http:\/\/desarrollo.grupomedios.com\/futbol\/wp-json\/wp\/v2\/media\/308395"}],"wp:attachment":[{"href":"http:\/\/desarrollo.grupomedios.com\/futbol\/wp-json\/wp\/v2\/media?parent=308325"}],"wp:term":[{"taxonomy":"category","embeddable":true,"href":"http:\/\/desarrollo.grupomedios.com\/futbol\/wp-json\/wp\/v2\/categories?post=308325"},{"taxonomy":"post_tag","embeddable":true,"href":"http:\/\/desarrollo.grupomedios.com\/futbol\/wp-json\/wp\/v2\/tags?post=308325"}],"curies":[{"name":"wp","href":"https:\/\/api.w.org\/{rel}","templated":true}]}}