{"id":308402,"date":"2015-09-01T15:47:18","date_gmt":"2015-09-01T20:47:18","guid":{"rendered":"http:\/\/futboltotal.com.mx\/?p=308402"},"modified":"2015-09-01T20:58:28","modified_gmt":"2015-09-02T01:58:28","slug":"hugo-sanchez-arremete-contra-van-gaal","status":"publish","type":"post","link":"http:\/\/desarrollo.grupomedios.com\/futbol\/futbol-internacional\/hugo-sanchez-arremete-contra-van-gaal\/2015\/09","title":{"rendered":"Hugo S\u00e1nchez arremete contra Van Gaal"},"content":{"rendered":"<p>Mientras unos ven como positiva <a href=\"http:\/\/futboltotal.com.mx\/2015\/09\/bayer-leverkusen-con-seguimiento-detallado-a-chicharito\/\" target=\"_blank\">la llegada del <strong><em>Chicharito<\/em> Hern\u00e1ndez<\/strong> al Bayer Leverkusen<\/a> otros est\u00e1n inconformes, no tanto porque el mexicano juegue en la Bundesliga, sino porque Manchester United dej\u00f3 ir a un futbolista con grandes cualidades; as\u00ed lo dej\u00f3 ver <strong>Hugo S\u00e1nchez<\/strong>, quien culp\u00f3 al t\u00e9cnico <strong>Louis van Gaal<\/strong> de la venta del ariete.<\/p>\n<p>En el \u00faltimo partido como <em>Red Devil<\/em>, Hern\u00e1ndez Balc\u00e1zar se resbal\u00f3 al momento de cobrar un penal y <a href=\"http:\/\/futboltotal.com.mx\/2015\/08\/asi-reacciono-van-gaal-tras-falla-de-chicharito\/\" target=\"_blank\">provoc\u00f3 una mirada &#8220;sospechosa&#8221;<\/a> entre el estratega holand\u00e9s y Ryan Giggs, situaci\u00f3n que conden\u00f3 el <em>Pentapichichi<\/em> pues se\u00f1al\u00f3 que fue una actitud equivocada.<\/p>\n<p>\u201c<strong>Van Gaal<\/strong> tiene una mala decisi\u00f3n. Y no es una, lo ha hecho 50 mil veces. Yo fui entrenador y un DT no puede actuar as\u00ed contra su propio jugador. Yo salgo y le aplaudo y le digo que conf\u00ede, pero que le haga esa mirada a Giggs&#8230; es un sinverg\u00fcenza\u201d, consider\u00f3 <strong>Hugo S\u00e1nchez<\/strong>.<\/p>\n<p>\u201cUna mala tarde la tiene <em>Ch\u00edcharo<\/em> como la tiene cualquier jugador del mundo, pero <strong>Van Gaal<\/strong> es un sinverg\u00fcenza y ojal\u00e1 esto repercuta en Inglaterra y que sepan que Van Gaal es una mala persona por tratar a los jugadores como los trata. \u00c9l tiene que ser profesional. Los jugadores deben recibir un trato humano y personal\u201d, concluy\u00f3 <strong>Hugo S\u00e1nchez<\/strong> en <em>ESPN<\/em> donde colabora como analista.<\/p>\n<p>[video_player]https:\/\/player.vimeo.com\/external\/137871184.sd.mp4?s=f869dfe121f221450e94cf8af1c62c51&amp;profile_id=112[\/video_player]<\/p>\n","protected":false},"excerpt":{"rendered":"<p>&#8220;Es un sinverg\u00fcenza y ojal\u00e1 esto repercuta en Inglaterra&#8221;, se\u00f1al\u00f3 Hugol<\/p>\n","protected":false},"author":20,"featured_media":308407,"comment_status":"open","ping_status":"open","sticky":false,"template":"","format":"standard","meta":[],"categories":[3839,3846],"tags":[120,448,780],"_links":{"self":[{"href":"http:\/\/desarrollo.grupomedios.com\/futbol\/wp-json\/wp\/v2\/posts\/308402"}],"collection":[{"href":"http:\/\/desarrollo.grupomedios.com\/futbol\/wp-json\/wp\/v2\/posts"}],"about":[{"href":"http:\/\/desarrollo.grupomedios.com\/futbol\/wp-json\/wp\/v2\/types\/post"}],"author":[{"embeddable":true,"href":"http:\/\/desarrollo.grupomedios.com\/futbol\/wp-json\/wp\/v2\/users\/20"}],"replies":[{"embeddable":true,"href":"http:\/\/desarrollo.grupomedios.com\/futbol\/wp-json\/wp\/v2\/comments?post=308402"}],"version-history":[{"count":0,"href":"http:\/\/desarrollo.grupomedios.com\/futbol\/wp-json\/wp\/v2\/posts\/308402\/revisions"}],"wp:featuredmedia":[{"embeddable":true,"href":"http:\/\/desarrollo.grupomedios.com\/futbol\/wp-json\/wp\/v2\/media\/308407"}],"wp:attachment":[{"href":"http:\/\/desarrollo.grupomedios.com\/futbol\/wp-json\/wp\/v2\/media?parent=308402"}],"wp:term":[{"taxonomy":"category","embeddable":true,"href":"http:\/\/desarrollo.grupomedios.com\/futbol\/wp-json\/wp\/v2\/categories?post=308402"},{"taxonomy":"post_tag","embeddable":true,"href":"http:\/\/desarrollo.grupomedios.com\/futbol\/wp-json\/wp\/v2\/tags?post=308402"}],"curies":[{"name":"wp","href":"https:\/\/api.w.org\/{rel}","templated":true}]}}