{"id":308665,"date":"2015-09-03T09:17:04","date_gmt":"2015-09-03T14:17:04","guid":{"rendered":"http:\/\/futboltotal.com.mx\/?p=308665"},"modified":"2015-09-03T11:30:40","modified_gmt":"2015-09-03T16:30:40","slug":"omar-govea-en-la-primera-plantilla-del-porto","status":"publish","type":"post","link":"http:\/\/desarrollo.grupomedios.com\/futbol\/futbol-internacional\/omar-govea-en-la-primera-plantilla-del-porto\/2015\/09","title":{"rendered":"Omar Govea, en la primera plantilla del Porto"},"content":{"rendered":"<p>El <strong>Porto sigue mexicanizado<\/strong>, sin importar la pausa de la liga portuguesa por fecha FIFA. El jueves no fue la excepci\u00f3n y pese a\u00a0las ausencias de H\u00e9ctor Herrera y Miguel Lay\u00fan atendiendo compromisos con el Tri mayor, adem\u00e1s de la de Ra\u00fal Gudi\u00f1o compareciendo con el combinado Sub-22, existi\u00f3 presencia <em>azteca<\/em> la pr\u00e1ctica de los <em>Dragones<\/em>.<\/p>\n<p>No solo Jes\u00fas Tecatito Corona se entren\u00f3 bajo las \u00f3rdenes de Julen Lopetegui,\u00a0tambi\u00e9n\u00a0<strong>Omar Govea<\/strong> aprovech\u00f3 la oportunidad y junto a otros integrantes del plantel secundario o filial del Porto, el juvenil mexicano se ejercit\u00f3 muy feliz\u00a0 por el reto brindado.<\/p>\n<p>Ante la ausencia de 12 internacionales del equipo estelar, Lopetegui tuvo que echar mano de la cantera y llam\u00f3 a\u00a0Verdasca, Diego Dalot, Gleison, Jo\u00e3o Costa, Ismael D\u00edaz, Rodrigo, Pit\u00e9, Fede Varela y Omar Govea para hacer m\u00e1s abundante su plantilla y llevar los ejercicios planeados para el jueves.<\/p>\n<p><strong>\u00a1Oportunidades que debe\u00a0aprovechar\u00a0Omar Govea!<\/strong><\/p>\n<p>[video_player]https:\/\/player.vimeo.com\/external\/138150188.hd.mp4?s=948cad3b097469cca652906ce3c062a2&#038;profile_id=113[\/video_player]<\/p>\n","protected":false},"excerpt":{"rendered":"<p>El mexicano se entren\u00f3 este jueves junto a Tecatito Corona <\/p>\n","protected":false},"author":20,"featured_media":308670,"comment_status":"open","ping_status":"open","sticky":false,"template":"","format":"standard","meta":[],"categories":[3839,5951],"tags":[5612,1208],"_links":{"self":[{"href":"http:\/\/desarrollo.grupomedios.com\/futbol\/wp-json\/wp\/v2\/posts\/308665"}],"collection":[{"href":"http:\/\/desarrollo.grupomedios.com\/futbol\/wp-json\/wp\/v2\/posts"}],"about":[{"href":"http:\/\/desarrollo.grupomedios.com\/futbol\/wp-json\/wp\/v2\/types\/post"}],"author":[{"embeddable":true,"href":"http:\/\/desarrollo.grupomedios.com\/futbol\/wp-json\/wp\/v2\/users\/20"}],"replies":[{"embeddable":true,"href":"http:\/\/desarrollo.grupomedios.com\/futbol\/wp-json\/wp\/v2\/comments?post=308665"}],"version-history":[{"count":0,"href":"http:\/\/desarrollo.grupomedios.com\/futbol\/wp-json\/wp\/v2\/posts\/308665\/revisions"}],"wp:featuredmedia":[{"embeddable":true,"href":"http:\/\/desarrollo.grupomedios.com\/futbol\/wp-json\/wp\/v2\/media\/308670"}],"wp:attachment":[{"href":"http:\/\/desarrollo.grupomedios.com\/futbol\/wp-json\/wp\/v2\/media?parent=308665"}],"wp:term":[{"taxonomy":"category","embeddable":true,"href":"http:\/\/desarrollo.grupomedios.com\/futbol\/wp-json\/wp\/v2\/categories?post=308665"},{"taxonomy":"post_tag","embeddable":true,"href":"http:\/\/desarrollo.grupomedios.com\/futbol\/wp-json\/wp\/v2\/tags?post=308665"}],"curies":[{"name":"wp","href":"https:\/\/api.w.org\/{rel}","templated":true}]}}