{"id":308684,"date":"2015-09-03T10:07:10","date_gmt":"2015-09-03T15:07:10","guid":{"rendered":"http:\/\/futboltotal.com.mx\/?p=308684"},"modified":"2015-09-03T10:35:53","modified_gmt":"2015-09-03T15:35:53","slug":"de-gea-se-niega-a-renovar-con-manchester-united","status":"publish","type":"post","link":"http:\/\/desarrollo.grupomedios.com\/futbol\/futbol-internacional\/de-gea-se-niega-a-renovar-con-manchester-united\/2015\/09","title":{"rendered":"De Gea se niega a renovar con Manchester United"},"content":{"rendered":"<p>Pese a que el <strong>Manchester United<\/strong> emiti\u00f3 un comunicado en el que asegur\u00f3 que el <strong>Real Madrid<\/strong> busc\u00f3 fichar a <strong>David de Gea<\/strong> hasta el \u00faltimo d\u00eda del mercado de fichajes, el portero espa\u00f1ol aun est\u00e1 molesto con la directiva de los <em>Red Devils<\/em> y desde ahora tiene claro que no renovar\u00e1 con el club y en invierno buscar\u00e1 cerrar con antelaci\u00f3n su pase con los <em>Merengues.<\/em><\/p>\n<p>El enfado de De Gea es tal que este jueves la edici\u00f3n deportiva del diario <em>The Sun\u00a0<\/em>afirma que el espa\u00f1ol ha dado carpetazo al tema y se mantiene contrariado con el proceder de ambos clubes. Incluso se\u00f1ala que la posibilidad de que renueve el a\u00f1o de contrato que le queda con el Manchester United, por ahora, est\u00e1 descartada.<\/p>\n<p><a href=\"http:\/\/futboltotal.com.mx\/wp-content\/uploads\/2015\/09\/De-Gea1.jpg\"><img decoding=\"async\" loading=\"lazy\" class=\"alignnone size-full wp-image-308696\" src=\"http:\/\/futboltotal.com.mx\/wp-content\/uploads\/2015\/09\/De-Gea1.jpg\" alt=\"De-Gea\" srcset=\"http:\/\/desarrollo.grupomedios.com\/futbol\/wp-content\/uploads\/2015\/09\/De-Gea1.jpg 980w, http:\/\/desarrollo.grupomedios.com\/futbol\/wp-content\/uploads\/2015\/09\/De-Gea1-300x150.jpg 300w\" sizes=\"(max-width: 980px) 100vw, 980px\" \/><\/a><\/p>\n<p>De Gea tiene una situaci\u00f3n complicada en el Manchester United pues la titularidad que tuvo hasta el curso pasado ahora est\u00e1 en vilo y tendr\u00e1 que disput\u00e1rsela con Sergio Romero, seg\u00fan el rotativo ingl\u00e9s. Por Fecha FIFA el espa\u00f1ol est\u00e1 concentrado con la selecci\u00f3n espa\u00f1ola y ser\u00e1 hasta el d\u00eda mi\u00e9rcoles cuando regrese con el Manchester United. Una vez instalda en Old Trafford tendr\u00e1 una charla con Louis van Gaal para poner fin a la pol\u00e9mica y comenzar a entrenar a tope para afrontar la cuarta jornada de la Premier League y la Fase de Grupos de Champions League, que inicia el pr\u00f3ximo 15 de septiembre.<\/p>\n<p>&nbsp;<\/p>\n","protected":false},"excerpt":{"rendered":"<p>El portero de los Red Devils sigue molesto por su traspaso fallido al Real Madrid<\/p>\n","protected":false},"author":20,"featured_media":308694,"comment_status":"open","ping_status":"open","sticky":false,"template":"","format":"standard","meta":[],"categories":[3839,5951],"tags":[6072,43,5988],"_links":{"self":[{"href":"http:\/\/desarrollo.grupomedios.com\/futbol\/wp-json\/wp\/v2\/posts\/308684"}],"collection":[{"href":"http:\/\/desarrollo.grupomedios.com\/futbol\/wp-json\/wp\/v2\/posts"}],"about":[{"href":"http:\/\/desarrollo.grupomedios.com\/futbol\/wp-json\/wp\/v2\/types\/post"}],"author":[{"embeddable":true,"href":"http:\/\/desarrollo.grupomedios.com\/futbol\/wp-json\/wp\/v2\/users\/20"}],"replies":[{"embeddable":true,"href":"http:\/\/desarrollo.grupomedios.com\/futbol\/wp-json\/wp\/v2\/comments?post=308684"}],"version-history":[{"count":0,"href":"http:\/\/desarrollo.grupomedios.com\/futbol\/wp-json\/wp\/v2\/posts\/308684\/revisions"}],"wp:featuredmedia":[{"embeddable":true,"href":"http:\/\/desarrollo.grupomedios.com\/futbol\/wp-json\/wp\/v2\/media\/308694"}],"wp:attachment":[{"href":"http:\/\/desarrollo.grupomedios.com\/futbol\/wp-json\/wp\/v2\/media?parent=308684"}],"wp:term":[{"taxonomy":"category","embeddable":true,"href":"http:\/\/desarrollo.grupomedios.com\/futbol\/wp-json\/wp\/v2\/categories?post=308684"},{"taxonomy":"post_tag","embeddable":true,"href":"http:\/\/desarrollo.grupomedios.com\/futbol\/wp-json\/wp\/v2\/tags?post=308684"}],"curies":[{"name":"wp","href":"https:\/\/api.w.org\/{rel}","templated":true}]}}