{"id":308685,"date":"2015-09-03T09:51:07","date_gmt":"2015-09-03T14:51:07","guid":{"rendered":"http:\/\/futboltotal.com.mx\/?p=308685"},"modified":"2015-09-03T09:53:58","modified_gmt":"2015-09-03T14:53:58","slug":"james-rodriguez-le-hace-una-vaselina-genial-a-su-cunado","status":"publish","type":"post","link":"http:\/\/desarrollo.grupomedios.com\/futbol\/videos\/james-rodriguez-le-hace-una-vaselina-genial-a-su-cunado\/2015\/09","title":{"rendered":"James Rodr\u00edguez le hace una vaselina genial a su cu\u00f1ado"},"content":{"rendered":"<p>A <strong>James Rodr\u00edguez<\/strong> no le basta con jugar bien, sudar la camiseta y asistir a sus compa\u00f1eros. Para \u00e9l es necesario enamorar a la tribuna y al planeta futbol en general. Hace costumbre lo bello. Si el s\u00e1bado anterior manufactur\u00f3 dos portentos de gol (bombazo de tiro libre y chilena espectacular), en su viaje con la selecci\u00f3n de Colombia repiti\u00f3 la dosis y todo qued\u00f3 en familia. <\/p>\n<p>En su pa\u00eds est\u00e1n impresionados con su talento y no cesan de elogiar una joyita que realiz\u00f3 en la pr\u00e1ctica de la selecci\u00f3n colombiana James Rodr\u00edguez. El mediocampista de 24 a\u00f1os amag\u00f3 a placer al defensor que evitaba su internada, y con el m\u00ednimo espacio para disparar, <strong>ejecut\u00f3 una vaselina genial que dej\u00f3 sin posibilidad alguna de evitar el gol a su cu\u00f1ado<\/strong>, David Ospina. <\/p>\n<p><strong>\u00a1La fant\u00e1stica vaselina de James Rodr\u00edguez!<\/strong><br \/>\n<iframe loading=\"lazy\" src=\"https:\/\/www.youtube.com\/embed\/9YxrVDvzkYM?start=23&#038;feature=oembed\" frameborder=\"0\" allowfullscreen><\/iframe><\/p>\n<p>El diario <em>ABC<\/em>, titul\u00f3 este jueves: &#8220;Otro celestial gol de James&#8221; y dice que el colombiano est\u00e1 acostumbrado a &#8220;anotar tantos de excelsa calidad&#8221;. Asimismo <em>Marca<\/em> dice que &#8220;James no se cansa de hacer golazos&#8221; y pone el video del gol.<\/p>\n<p>La selecci\u00f3n de Colombia se prepara con miras al pr\u00f3ximo 8 de septiembre, fecha pactada para disputar ante Per\u00fa un amistoso. Por lo pronto, James afina su punter\u00eda. <\/p>\n<p>[video_player]https:\/\/player.vimeo.com\/external\/138150188.hd.mp4?s=948cad3b097469cca652906ce3c062a2&amp;profile_id=113[\/video_player]<\/p>\n","protected":false},"excerpt":{"rendered":"<p>David Ospina nada pudo hacer ante el globito dise\u00f1ado por el 10 merengue <\/p>\n","protected":false},"author":20,"featured_media":308688,"comment_status":"open","ping_status":"open","sticky":false,"template":"","format":"standard","meta":[],"categories":[3839,5951,4],"tags":[6082],"_links":{"self":[{"href":"http:\/\/desarrollo.grupomedios.com\/futbol\/wp-json\/wp\/v2\/posts\/308685"}],"collection":[{"href":"http:\/\/desarrollo.grupomedios.com\/futbol\/wp-json\/wp\/v2\/posts"}],"about":[{"href":"http:\/\/desarrollo.grupomedios.com\/futbol\/wp-json\/wp\/v2\/types\/post"}],"author":[{"embeddable":true,"href":"http:\/\/desarrollo.grupomedios.com\/futbol\/wp-json\/wp\/v2\/users\/20"}],"replies":[{"embeddable":true,"href":"http:\/\/desarrollo.grupomedios.com\/futbol\/wp-json\/wp\/v2\/comments?post=308685"}],"version-history":[{"count":0,"href":"http:\/\/desarrollo.grupomedios.com\/futbol\/wp-json\/wp\/v2\/posts\/308685\/revisions"}],"wp:featuredmedia":[{"embeddable":true,"href":"http:\/\/desarrollo.grupomedios.com\/futbol\/wp-json\/wp\/v2\/media\/308688"}],"wp:attachment":[{"href":"http:\/\/desarrollo.grupomedios.com\/futbol\/wp-json\/wp\/v2\/media?parent=308685"}],"wp:term":[{"taxonomy":"category","embeddable":true,"href":"http:\/\/desarrollo.grupomedios.com\/futbol\/wp-json\/wp\/v2\/categories?post=308685"},{"taxonomy":"post_tag","embeddable":true,"href":"http:\/\/desarrollo.grupomedios.com\/futbol\/wp-json\/wp\/v2\/tags?post=308685"}],"curies":[{"name":"wp","href":"https:\/\/api.w.org\/{rel}","templated":true}]}}