{"id":308785,"date":"2015-09-03T12:54:02","date_gmt":"2015-09-03T17:54:02","guid":{"rendered":"http:\/\/futboltotal.com.mx\/?p=308785"},"modified":"2015-09-03T12:54:02","modified_gmt":"2015-09-03T17:54:02","slug":"el-gran-gesto-del-bayern-munich","status":"publish","type":"post","link":"http:\/\/desarrollo.grupomedios.com\/futbol\/futbol-internacional\/el-gran-gesto-del-bayern-munich\/2015\/09","title":{"rendered":"El gran gesto del Bayern M\u00fanich"},"content":{"rendered":"<p>El <strong>Bayern M\u00fanich<\/strong> planea la creaci\u00f3n, en las pr\u00f3ximas semanas, de un campamento deportivo para refugiados, en el que participar\u00e1n j\u00f3venes de sus categor\u00edas inferiores.<\/p>\n<p>El equipo alem\u00e1n anunci\u00f3 a trav\u00e9s de su p\u00e1gina web que se encargar\u00e1 de que los ni\u00f1os y j\u00f3venes refugiados se entrenen, tengan clases de alem\u00e1n y reciban comida y equipos deportivos, para lo cual la ciudad de M\u00fanich tendr\u00e1 un papel fundamental en la organizaci\u00f3n.<\/p>\n<p>Alemania est\u00e1 viviendo &#8220;la mayor oleada de refugiados de las \u00faltimas d\u00e9cadas. Se trata de un reto para el estado y para la sociedad, un reto para todos&#8221;, estableci\u00f3 el club.<\/p>\n<p>&#8220;El Bayern de M\u00fanich ha tomado conciencia de ello, por lo que ha decidido colaborar con la ciudad y con el estado federado de Baviera, tanto a nivel econ\u00f3mico como material, as\u00ed como en otros \u00e1mbitos&#8221;, expuso.<\/p>\n<p>Adem\u00e1s, el Bayern M\u00fanich recaudar\u00e1 un mill\u00f3n de euros con un partido amistoso que destinar\u00e1 a proyectos para los refugiados. La elecci\u00f3n de dichos proyectos se tomar\u00e1 mediante consenso con el ministro del Interior de Baviera, Joachim Herrmann, y con el alcalde de la capital b\u00e1vara, Dieter Reiter.<\/p>\n<p>El pr\u00f3ximo partido en su casa, el 12 de septiembre contra el Augsburgo, cada uno de los jugadores saldr\u00e1 al campo con un ni\u00f1o alem\u00e1n y con un ni\u00f1o refugiado de la mano y portar\u00e1n un s\u00edmbolo por la integraci\u00f3n de estos \u00faltimos.<\/p>\n<p>Asimismo, el presidente del Bayern, Karl Hopfner, anunci\u00f3 que la fundaci\u00f3n FC Bayern Hilfe eV tambi\u00e9n se encargar\u00e1 de ayudar a los ni\u00f1os refugiados e intentar\u00e1 mediante diversas acciones dar alegr\u00eda, antes de la Navidad.<\/p>\n<p>El ministro Herrmann se congratul\u00f3 de la ayuda del Bayern, \u201ces todo un ejemplo que celebro y apoyo, un signo de la solidaridad y de la hospitalidad de nuestra regi\u00f3n\u201d, refiri\u00f3.<\/p>\n","protected":false},"excerpt":{"rendered":"<p>Los b\u00e1varos apoyar\u00e1n a ni\u00f1os y j\u00f3venes refugiados con una iniciativa muy especial<\/p>\n","protected":false},"author":20,"featured_media":308790,"comment_status":"open","ping_status":"open","sticky":false,"template":"","format":"standard","meta":[],"categories":[3839],"tags":[2056],"_links":{"self":[{"href":"http:\/\/desarrollo.grupomedios.com\/futbol\/wp-json\/wp\/v2\/posts\/308785"}],"collection":[{"href":"http:\/\/desarrollo.grupomedios.com\/futbol\/wp-json\/wp\/v2\/posts"}],"about":[{"href":"http:\/\/desarrollo.grupomedios.com\/futbol\/wp-json\/wp\/v2\/types\/post"}],"author":[{"embeddable":true,"href":"http:\/\/desarrollo.grupomedios.com\/futbol\/wp-json\/wp\/v2\/users\/20"}],"replies":[{"embeddable":true,"href":"http:\/\/desarrollo.grupomedios.com\/futbol\/wp-json\/wp\/v2\/comments?post=308785"}],"version-history":[{"count":0,"href":"http:\/\/desarrollo.grupomedios.com\/futbol\/wp-json\/wp\/v2\/posts\/308785\/revisions"}],"wp:featuredmedia":[{"embeddable":true,"href":"http:\/\/desarrollo.grupomedios.com\/futbol\/wp-json\/wp\/v2\/media\/308790"}],"wp:attachment":[{"href":"http:\/\/desarrollo.grupomedios.com\/futbol\/wp-json\/wp\/v2\/media?parent=308785"}],"wp:term":[{"taxonomy":"category","embeddable":true,"href":"http:\/\/desarrollo.grupomedios.com\/futbol\/wp-json\/wp\/v2\/categories?post=308785"},{"taxonomy":"post_tag","embeddable":true,"href":"http:\/\/desarrollo.grupomedios.com\/futbol\/wp-json\/wp\/v2\/tags?post=308785"}],"curies":[{"name":"wp","href":"https:\/\/api.w.org\/{rel}","templated":true}]}}