{"id":308803,"date":"2015-09-03T13:41:06","date_gmt":"2015-09-03T18:41:06","guid":{"rendered":"http:\/\/futboltotal.com.mx\/?p=308803"},"modified":"2015-09-03T17:19:35","modified_gmt":"2015-09-03T22:19:35","slug":"maza-rodriguez-en-duda-para-amistosos-del-tri","status":"publish","type":"post","link":"http:\/\/desarrollo.grupomedios.com\/futbol\/futbol-mexicano\/maza-rodriguez-en-duda-para-amistosos-del-tri\/2015\/09","title":{"rendered":"Maza Rodr\u00edguez, causa baja del Tri"},"content":{"rendered":"<p>A un d\u00eda para disputar el partido contra <strong>Trinidad y Tobago<\/strong>, el defensa <strong>Francisco Rodr\u00edguez<\/strong> caus\u00f3 baja de la <a href=\"http:\/\/futboltotal.com.mx\/futbol-mexicano\/seleccion-mexicana\/\" target=\"_blank\"><strong>Selecci\u00f3n Mexicana<\/strong><\/a> porque sufri\u00f3 una lesi\u00f3n que lo margin\u00f3 de los compromisos con el combinado nacional.<\/p>\n<p>Durante los entrenamientos del mi\u00e9rcoles en Utah, Estados Unidos, el zaguero realiz\u00f3 un desplazamiento y fue cuando sinti\u00f3 una molestia en la rodilla derecha, al respecto el t\u00e9cnico interino del <em>Tri<\/em>, Ricardo Ferretti, explic\u00f3 que se le har\u00e1 una evaluaci\u00f3n para saber la gravedad del problema.<\/p>\n<p>&#8220;Tras la resonancia magn\u00e9tica que se le realiz\u00f3 esta ma\u00f1ana, el resultado es una lesi\u00f3n del menisco medial, adem\u00e1s de una zona de contusi\u00f3n \u00f3sea en el c\u00f3ndilo femoral de la rodilla derecha. El jugador se trasladar\u00e1 a la ciudad de M\u00e9xico en donde ser\u00e1 evaluado nuevamente por el cuerpo m\u00e9dico del Cruz Azul, con la posibilidad de ser tratado quir\u00fargicamente&#8221;, explic\u00f3 la Federaci\u00f3n Mexicana de Futbol en un comunicado de prensa.<\/p>\n<p>De esta forma, <strong><em>Maza<\/em> Rodr\u00edguez<\/strong> se perder\u00e1 el juego de este viernes contra <strong>Trinidad y Tobago<\/strong>, as\u00ed como el compromiso del martes frente a Argentina.<\/p>\n<p>El timonel interino Ricardo Ferretti adelant\u00f3 que la defensa central la conformar\u00e1n la dupla de Diego Reyes y Oswaldo Alan\u00eds. Al respecto, <em>Tuca<\/em> se\u00f1al\u00f3 que planea darle minutos a todos sus elementos.<\/p>\n<p>[video_player]https:\/\/player.vimeo.com\/external\/137871184.hd.mp4?s=de97a9d07691b98e1c7a2fde29ffa213&amp;profile_id=113[\/video_player]<\/p>\n","protected":false},"excerpt":{"rendered":"<p>El defensa sufri\u00f3 una lesi\u00f3n en la rodilla derecha<\/p>\n","protected":false},"author":20,"featured_media":308805,"comment_status":"open","ping_status":"open","sticky":false,"template":"","format":"standard","meta":[],"categories":[2198,3847,5950],"tags":[744,5979,1084],"_links":{"self":[{"href":"http:\/\/desarrollo.grupomedios.com\/futbol\/wp-json\/wp\/v2\/posts\/308803"}],"collection":[{"href":"http:\/\/desarrollo.grupomedios.com\/futbol\/wp-json\/wp\/v2\/posts"}],"about":[{"href":"http:\/\/desarrollo.grupomedios.com\/futbol\/wp-json\/wp\/v2\/types\/post"}],"author":[{"embeddable":true,"href":"http:\/\/desarrollo.grupomedios.com\/futbol\/wp-json\/wp\/v2\/users\/20"}],"replies":[{"embeddable":true,"href":"http:\/\/desarrollo.grupomedios.com\/futbol\/wp-json\/wp\/v2\/comments?post=308803"}],"version-history":[{"count":0,"href":"http:\/\/desarrollo.grupomedios.com\/futbol\/wp-json\/wp\/v2\/posts\/308803\/revisions"}],"wp:featuredmedia":[{"embeddable":true,"href":"http:\/\/desarrollo.grupomedios.com\/futbol\/wp-json\/wp\/v2\/media\/308805"}],"wp:attachment":[{"href":"http:\/\/desarrollo.grupomedios.com\/futbol\/wp-json\/wp\/v2\/media?parent=308803"}],"wp:term":[{"taxonomy":"category","embeddable":true,"href":"http:\/\/desarrollo.grupomedios.com\/futbol\/wp-json\/wp\/v2\/categories?post=308803"},{"taxonomy":"post_tag","embeddable":true,"href":"http:\/\/desarrollo.grupomedios.com\/futbol\/wp-json\/wp\/v2\/tags?post=308803"}],"curies":[{"name":"wp","href":"https:\/\/api.w.org\/{rel}","templated":true}]}}