{"id":308880,"date":"2015-09-03T12:05:48","date_gmt":"2015-09-03T17:05:48","guid":{"rendered":"http:\/\/futboltotal.com.mx\/?p=308880"},"modified":"2015-09-04T12:13:41","modified_gmt":"2015-09-04T17:13:41","slug":"en-vivo-rumbo-a-la-eurocopa-2016","status":"publish","type":"post","link":"http:\/\/desarrollo.grupomedios.com\/futbol\/futbol-internacional\/en-vivo-rumbo-a-la-eurocopa-2016\/2015\/09","title":{"rendered":"EN VIVO | Rumbo a la Eurocopa 2016"},"content":{"rendered":"<p>La <strong>Eurocopa 2016<\/strong> seguir\u00e1 su curso este viernes con duelos correspondientes a la s\u00e9ptima jornada. Contar\u00e1n con participaci\u00f3n el grupo D, F e I, aunque sin lugar a dudas el choque que genera mayores expectativas es el <strong>Alemania vs Polonia<\/strong> a escenificarse en el\u00a0Frankfurt Stadion.<\/p>\n<h2 style=\"text-align: center;\"><span style=\"color: #ff0000;\">A recuperar la supremac\u00eda\u00a0<\/span><\/h2>\n<p>El duelo de alto voltaje entre alemanes y polacos tendr\u00e1 dos\u00a0ingredientes que har\u00e1n a\u00fan m\u00e1s vibrante el encuentro. El campe\u00f3n del mundo busca la revancha del primer duelo efectuado ante sus rivales del viernes en la fase de Grupos. Polonia se impuso por 2-0 con goles de Milik y Mila. Comp plus, los dirigidos por Joachim Low buscan hacerse del primer lugar del sector D, situaci\u00f3n a la que solo trepar\u00edan con una victoria, ya que el l\u00edder cuenta con 14 puntos ante los 13 que ostenta el que ser\u00e1 anfitri\u00f3n.<\/p>\n<p><strong>Alemania contar\u00e1 con la ausencia de Marco Reus, <\/strong>que acumula una lesi\u00f3n m\u00e1s en su carrera. Sensible baja para un partido fundamental con miras al boleto directo de la Eurocopa 2016.<\/p>\n<p><a href=\"http:\/\/futboltotal.com.mx\/wp-content\/uploads\/2015\/09\/Ozil1.jpg\"><img decoding=\"async\" loading=\"lazy\" class=\"alignnone wp-image-308884 size-full\" src=\"http:\/\/futboltotal.com.mx\/wp-content\/uploads\/2015\/09\/Ozil1.jpg\" alt=\"EN VIVO | Rumbo a la Eurocopa 2016 0\" srcset=\"http:\/\/desarrollo.grupomedios.com\/futbol\/wp-content\/uploads\/2015\/09\/Ozil1.jpg 3500w, http:\/\/desarrollo.grupomedios.com\/futbol\/wp-content\/uploads\/2015\/09\/Ozil1-300x189.jpg 300w, http:\/\/desarrollo.grupomedios.com\/futbol\/wp-content\/uploads\/2015\/09\/Ozil1-1024x645.jpg 1024w\" sizes=\"(max-width: 3500px) 100vw, 3500px\" \/><\/a><\/p>\n<h2 style=\"text-align: center;\"><span style=\"color: #ff0000;\">Escocia, a\u00a0erradicar las pesadillas\u00a0<\/span><\/h2>\n<p>La selecci\u00f3n escocesa puede espantar fantasmas del pasado en su enfrentamiento ante Georgia en Tiflis. Hace ocho a\u00f1os los escoceses, bajo el mando de Alex McLeish, pod\u00edan acabar con su sequ\u00eda de presencias en grandes torneos tras ganar en casa y fuera a Francia para ponerse l\u00edderes de su grupo de clasificaci\u00f3n para la UEFA EURO 2008. Sin embargo, perdieron 2-0 ante Georgia y una derrota ante Italia en su \u00faltimo partido acab\u00f3 con el sue\u00f1o.<\/p>\n<h2 style=\"text-align: center;\"><strong><span style=\"color: #ff0000;\">Hungr\u00eda, a la caza de Rumania<\/span><br \/>\n<\/strong><\/h2>\n<p style=\"text-align: left;\">La rivalidad entre Hungr\u00eda y Ruman\u00eda puede seguir creciendo a nivel internacional, sobre todo cuando en disputa se asoma el liderato del sector F.\u00a0Los h\u00fangaros cuentan con problemas ante la que ser\u00e1 su visita el viernes, pues hace 34\u00a0\u00a0se suscit\u00f3 la \u00faltima victoria de los magiares frente a los rumanos. En ocho encuentros oficiales, Ruman\u00eda ha ganado cuatro partidos y cuatro empates m\u00e1s han repartido.<\/p>\n<h2 style=\"text-align: center;\"><span style=\"color: #ff0000;\">Armenia por el \u00faltimo suspiro\u00a0<\/span><\/h2>\n<p style=\"text-align: left;\">Las opciones de clasificaci\u00f3n de Armenia son m\u00ednimas pero a pesar de ello los hombres de Sargis Hovsepyan est\u00e1n deseando acabar bien, especialmente ahora que sus mejores hombres est\u00e1n en un gran momento momento. Los futbolistas del Spartak Moskva Aras \u00d6zbiliz y Yura Movsisyan est\u00e1n a su mejor nivel mientras que Henrikh Mkhitaryan ha marcado ocho y ha dado cinco asistencias en sus \u00faltimos cinco encuentros con el Borussia Dortmund. Armenia marcha con un punto producto de una igualada y cuatro descalabros; Serbia cuenta con un empate y cuatro derrotas pero debido a una sanci\u00f3n se le restaron tres unidades.<\/p>\n<p style=\"text-align: left;\"><a href=\"http:\/\/futboltotal.com.mx\/2015\/09\/resumen-eliminatorias-eurocopa-2016\/\"><strong>El resumen de la jornada del jueves para la Euro 2016<\/strong>\u00a0<\/a><\/p>\n","protected":false},"excerpt":{"rendered":"<p>La actividad en el Viejo Continente continuar\u00e1 el viernes con choques de alto voltaje <\/p>\n","protected":false},"author":20,"featured_media":308881,"comment_status":"open","ping_status":"open","sticky":false,"template":"","format":"standard","meta":[],"categories":[3839,5951],"tags":[6000,5537,6152],"_links":{"self":[{"href":"http:\/\/desarrollo.grupomedios.com\/futbol\/wp-json\/wp\/v2\/posts\/308880"}],"collection":[{"href":"http:\/\/desarrollo.grupomedios.com\/futbol\/wp-json\/wp\/v2\/posts"}],"about":[{"href":"http:\/\/desarrollo.grupomedios.com\/futbol\/wp-json\/wp\/v2\/types\/post"}],"author":[{"embeddable":true,"href":"http:\/\/desarrollo.grupomedios.com\/futbol\/wp-json\/wp\/v2\/users\/20"}],"replies":[{"embeddable":true,"href":"http:\/\/desarrollo.grupomedios.com\/futbol\/wp-json\/wp\/v2\/comments?post=308880"}],"version-history":[{"count":0,"href":"http:\/\/desarrollo.grupomedios.com\/futbol\/wp-json\/wp\/v2\/posts\/308880\/revisions"}],"wp:featuredmedia":[{"embeddable":true,"href":"http:\/\/desarrollo.grupomedios.com\/futbol\/wp-json\/wp\/v2\/media\/308881"}],"wp:attachment":[{"href":"http:\/\/desarrollo.grupomedios.com\/futbol\/wp-json\/wp\/v2\/media?parent=308880"}],"wp:term":[{"taxonomy":"category","embeddable":true,"href":"http:\/\/desarrollo.grupomedios.com\/futbol\/wp-json\/wp\/v2\/categories?post=308880"},{"taxonomy":"post_tag","embeddable":true,"href":"http:\/\/desarrollo.grupomedios.com\/futbol\/wp-json\/wp\/v2\/tags?post=308880"}],"curies":[{"name":"wp","href":"https:\/\/api.w.org\/{rel}","templated":true}]}}