{"id":309366,"date":"2015-09-05T13:45:41","date_gmt":"2015-09-05T18:45:41","guid":{"rendered":"http:\/\/futboltotal.com.mx\/?p=309366"},"modified":"2015-09-05T14:01:14","modified_gmt":"2015-09-05T19:01:14","slug":"las-ambiciosas-declaraciones-de-gareth-bale","status":"publish","type":"post","link":"http:\/\/desarrollo.grupomedios.com\/futbol\/futbol-internacional\/las-ambiciosas-declaraciones-de-gareth-bale\/2015\/09","title":{"rendered":"Las ambiciosas declaraciones de Gareth Bale"},"content":{"rendered":"<p><strong>Una Eurocopa para Gales est\u00e1 al alcance<\/strong>. Algo hist\u00f3rico para una naci\u00f3n que desde el Mundial de 1958 no accede a una competici\u00f3n importante y que jam\u00e1s ha participado en el certamen de selecciones m\u00e1s importante de Europa. Pero no es preocupante para <strong>Gareth Bale<\/strong>, de hecho, se muestra muy seguro y con ambiciosas declaraciones a solo un paso de la haza\u00f1a.<\/p>\n<p>Bale recibe cr\u00edticas por no aparecer en varios instantes del partido con el combinado de Gales, pero esas mismas desaparecen al presenciar sus escandalosos n\u00fameros en el pasaje rumbo a la Eurocopa 2016. Con su gol frente a Chipre, encamin\u00f3 la victoria. Ese certero cabezazo represent\u00f3 su sexto festejo en esta fase de clasificaci\u00f3n.<\/p>\n<p>Con esos tres puntos vitales, Gales est\u00e1 a una victoria de asegurarse un lugar entre los mejores 24 equipos de Europa y, participar en el certamen a celebrarse en Francia el pr\u00f3ximo a\u00f1o. <strong>&#8220;Estamos a un paso de hacer nuestra mayor haza\u00f1a&#8221;<\/strong>, revel\u00f3 a <em>The Sun<\/em>.<\/p>\n<p>Seg\u00fan el diario brit\u00e1nico, Bale ha transmitido a sus compa\u00f1eros un mensaje para arengarlos a cumplir con la meta el domingo, pues lleg\u00f3 el d\u00eda de deslumbrar a los galeses. <\/p>\n<p>&#8220;Si podemos lograr el objetivo este fin de semana, ser\u00e1 lo mejor que tengamos. Desde hace tiempo lo intentamos y ser\u00eda incre\u00edble lograrlo. No s\u00f3lo por nosotros, sino por el pa\u00eds y por todo el f\u00fatbol de Gales&#8221;, relat\u00f3 Gareth Bale. <\/p>\n<p>Sus compa\u00f1eros de selecci\u00f3n saben que le deben mucho al delantero del Real Madrid. Ashley Williams, el capit\u00e1n de Gales, as\u00ed lo reconoce: &#8220;Si nosotros lo logramos en gran parte ser\u00e1 por Bale&#8221;<\/p>\n","protected":false},"excerpt":{"rendered":"<p>Con el futbolista del Real Madrid como estandarte, Gales est\u00e1 a un pasito de la historia <\/p>\n","protected":false},"author":20,"featured_media":309371,"comment_status":"open","ping_status":"open","sticky":false,"template":"","format":"standard","meta":[],"categories":[3839,5951],"tags":[1899,6043],"_links":{"self":[{"href":"http:\/\/desarrollo.grupomedios.com\/futbol\/wp-json\/wp\/v2\/posts\/309366"}],"collection":[{"href":"http:\/\/desarrollo.grupomedios.com\/futbol\/wp-json\/wp\/v2\/posts"}],"about":[{"href":"http:\/\/desarrollo.grupomedios.com\/futbol\/wp-json\/wp\/v2\/types\/post"}],"author":[{"embeddable":true,"href":"http:\/\/desarrollo.grupomedios.com\/futbol\/wp-json\/wp\/v2\/users\/20"}],"replies":[{"embeddable":true,"href":"http:\/\/desarrollo.grupomedios.com\/futbol\/wp-json\/wp\/v2\/comments?post=309366"}],"version-history":[{"count":0,"href":"http:\/\/desarrollo.grupomedios.com\/futbol\/wp-json\/wp\/v2\/posts\/309366\/revisions"}],"wp:featuredmedia":[{"embeddable":true,"href":"http:\/\/desarrollo.grupomedios.com\/futbol\/wp-json\/wp\/v2\/media\/309371"}],"wp:attachment":[{"href":"http:\/\/desarrollo.grupomedios.com\/futbol\/wp-json\/wp\/v2\/media?parent=309366"}],"wp:term":[{"taxonomy":"category","embeddable":true,"href":"http:\/\/desarrollo.grupomedios.com\/futbol\/wp-json\/wp\/v2\/categories?post=309366"},{"taxonomy":"post_tag","embeddable":true,"href":"http:\/\/desarrollo.grupomedios.com\/futbol\/wp-json\/wp\/v2\/tags?post=309366"}],"curies":[{"name":"wp","href":"https:\/\/api.w.org\/{rel}","templated":true}]}}