{"id":309596,"date":"2015-09-06T13:12:24","date_gmt":"2015-09-06T18:12:24","guid":{"rendered":"http:\/\/futboltotal.com.mx\/?p=309596"},"modified":"2015-09-06T13:49:57","modified_gmt":"2015-09-06T18:49:57","slug":"holanda-suma-un-fracaso-mas-con-rumbo-a-la-eurocopa-2016","status":"publish","type":"post","link":"http:\/\/desarrollo.grupomedios.com\/futbol\/destacado-home\/holanda-suma-un-fracaso-mas-con-rumbo-a-la-eurocopa-2016\/2015\/09","title":{"rendered":"Ins\u00f3lita debacle de la selecci\u00f3n de Holanda"},"content":{"rendered":"<p>La visita al <em>Ataturk Olympic Stadium<\/em> era trascendental para la selecci\u00f3n de\u00a0<strong>Holanda<\/strong>. Tras la\u00a0derrota del pasado\u00a0jueves,\u00a0en casa ante Islandia, el panorama rumbo a la <strong>Eurocopa 2016<\/strong> se complic\u00f3 para los <em>tulipanes<\/em>, por lo que\u00a0la visita a <strong>Turqu\u00eda<\/strong> era una amenaza total, en un choque por la disputa de la tercera posici\u00f3n del <strong>Grupo\u00a0A<\/strong>.<\/p>\n<p>Los dirigidos por Danny Blind contaban con una especie de ventaja, pues una igualada los manten\u00eda en el tercer pelda\u00f1o del grupo, mismo que da acceso al Repechaje para introducirse entre los mejores 24 pa\u00edses de Europa. Ese detalle a su favor lo perdieron en un santiam\u00e9n, culpa de O\u011fuzhan \u00d6zyakup que en una descolgada marc\u00f3 para <strong>Turqu\u00eda<\/strong> el gol de la ventaja. Una vaselina frente a Cillesen, defini\u00f3 la noche de <strong>Holanda<\/strong>, rebasada en todo momento por un enjundioso equipo local que aprovech\u00f3 cada falla en defensa y victimiz\u00f3 tres veces, con una eficiencia notable.<\/p>\n<p><strong>Holanda<\/strong> domin\u00f3, pero sus errores le costaron una so\u00f1ada remontada. Al minuto 26 fallaron en una infantil jugada. Perdieron la redonda en un saque de banda y Arda Turan, capit\u00e1n de<strong> Turqu\u00eda<\/strong>, dispar\u00f3 al primer poste de Cillesen, que no pudo hacer mucho para evitar el segundo. Toc\u00f3 el bal\u00f3n y se le resbal\u00f3. Angustiosamente se incrust\u00f3 y la pesadilla continuaba.<\/p>\n<p>Intentos de Depay infructuosos. Van Persie sin despegarse de su marca y un Sneijder err\u00e1tico. La remontada para <strong>Holanda<\/strong> se notaba imposible. <strong>Turqu\u00eda<\/strong> se repleg\u00f3 m\u00e1s y m\u00e1s conforme avanz\u00f3 el cron\u00f3metro, buscando primero que nada\u00a0resguardar el cero antes que concretar el tercero. Su t\u00e1ctica le sali\u00f3 a las mil maravillas, sobre todo cuando el \u00e1rbitro colabor\u00f3 para la tercera anotaci\u00f3n. Caner Erkin quiso despojar de la el\u00e1stica a Van der Wiel y el silbante pas\u00f3 por desapercibida la acci\u00f3n. Burak Y\u0131lmaz atento en el coraz\u00f3n del \u00e1rea recibi\u00f3 y, de media vuelta, la colg\u00f3 del \u00e1ngulo ante la mirada desesperada de Cillesen.<\/p>\n<p><iframe loading=\"lazy\" src=\"https:\/\/www.youtube.com\/embed\/eAxenTQCud4\" frameborder=\"0\" allowfullscreen=\"allowfullscreen\"><\/iframe><\/p>\n<p>No existe la <em>Naranja Mec\u00e1nica<\/em>. Quedan dos oportunidades m\u00e1s para aferrarse al repechaje pero todo depende <strong>Turqu\u00eda<\/strong>. <span style=\"color: #ff0000;\"><strong>Holanda<\/strong> precisa de dos victorias y un descalabro de los <em>otomanos<\/em> a falta de dos jornadas<\/span>. Un desastre la semana para los dirigidos por Danny Blind, que ven huyendo su boleto para la <strong>Eurocopa 2016<\/strong>, instancia a la que ya clasific\u00f3 de manera directa Rep\u00fablica Checa e Islandia necesita solo de un punto para acceder.<\/p>\n<p><a href=\"http:\/\/futboltotal.com.mx\/wp-content\/uploads\/2015\/09\/Grupo-A1.png\"><img decoding=\"async\" loading=\"lazy\" class=\"alignnone size-full wp-image-309602\" src=\"http:\/\/futboltotal.com.mx\/wp-content\/uploads\/2015\/09\/Grupo-A1.png\" alt=\"Grupo A\" srcset=\"http:\/\/desarrollo.grupomedios.com\/futbol\/wp-content\/uploads\/2015\/09\/Grupo-A1.png 250w, http:\/\/desarrollo.grupomedios.com\/futbol\/wp-content\/uploads\/2015\/09\/Grupo-A1-150x150.png 150w\" sizes=\"(max-width: 250px) 100vw, 250px\" \/><\/a><\/p>\n","protected":false},"excerpt":{"rendered":"<p>Tras caer ante Turqu\u00eda, los tulipanes se alejan de la EURO 2016<\/p>\n","protected":false},"author":20,"featured_media":309598,"comment_status":"open","ping_status":"open","sticky":false,"template":"","format":"standard","meta":[],"categories":[5,3839,5951],"tags":[6152,6024],"_links":{"self":[{"href":"http:\/\/desarrollo.grupomedios.com\/futbol\/wp-json\/wp\/v2\/posts\/309596"}],"collection":[{"href":"http:\/\/desarrollo.grupomedios.com\/futbol\/wp-json\/wp\/v2\/posts"}],"about":[{"href":"http:\/\/desarrollo.grupomedios.com\/futbol\/wp-json\/wp\/v2\/types\/post"}],"author":[{"embeddable":true,"href":"http:\/\/desarrollo.grupomedios.com\/futbol\/wp-json\/wp\/v2\/users\/20"}],"replies":[{"embeddable":true,"href":"http:\/\/desarrollo.grupomedios.com\/futbol\/wp-json\/wp\/v2\/comments?post=309596"}],"version-history":[{"count":0,"href":"http:\/\/desarrollo.grupomedios.com\/futbol\/wp-json\/wp\/v2\/posts\/309596\/revisions"}],"wp:featuredmedia":[{"embeddable":true,"href":"http:\/\/desarrollo.grupomedios.com\/futbol\/wp-json\/wp\/v2\/media\/309598"}],"wp:attachment":[{"href":"http:\/\/desarrollo.grupomedios.com\/futbol\/wp-json\/wp\/v2\/media?parent=309596"}],"wp:term":[{"taxonomy":"category","embeddable":true,"href":"http:\/\/desarrollo.grupomedios.com\/futbol\/wp-json\/wp\/v2\/categories?post=309596"},{"taxonomy":"post_tag","embeddable":true,"href":"http:\/\/desarrollo.grupomedios.com\/futbol\/wp-json\/wp\/v2\/tags?post=309596"}],"curies":[{"name":"wp","href":"https:\/\/api.w.org\/{rel}","templated":true}]}}