{"id":309608,"date":"2015-09-06T13:42:31","date_gmt":"2015-09-06T18:42:31","guid":{"rendered":"http:\/\/futboltotal.com.mx\/?p=309608"},"modified":"2015-09-06T13:45:20","modified_gmt":"2015-09-06T18:45:20","slug":"floyd-mayweather-anuncio-su-retiro-del-boxeo","status":"publish","type":"post","link":"http:\/\/desarrollo.grupomedios.com\/futbol\/no-todo-es-futbol\/floyd-mayweather-anuncio-su-retiro-del-boxeo\/2015\/09","title":{"rendered":"Floyd Mayweather anunci\u00f3 su retiro del boxeo"},"content":{"rendered":"<p><b>Floyd Mayweather<\/b> anticip\u00f3 que el pleito que sostendr\u00e1 el pr\u00f3ximo s\u00e1bado en Las Vegas, ante el haitiano Andre Berto, ser\u00e1 el \u00faltimo en su carrera. &#8220;La pelea n\u00famero 49 es <b>mi \u00faltima pelea<\/b>&#8220;, declar\u00f3 el boxeador estadounidense.<\/p>\n<p>Con estas declaraciones, <b>Floyd Mayweather<\/b> dej\u00f3 en claro tambi\u00e9n que no contempla un duelo ante el ganador del choque entre el puertorrique\u00f1o Miguel Angel Cotto y el mexicano Sa\u00fal <i>Canelo<\/i> Alvarez, quienes se enfrentar\u00e1n el 21 de noviembre.<\/p>\n<p>&#8220;Ustedes parecen nuevos en el negocio de <b>Mayweather<\/b>. Voy camino a mi pelea 49. \u00bfPor qu\u00e9 tendr\u00eda que enfrentar a alguno de ellos? No vieron lo que les hice&#8221;, sentenci\u00f3 al recordar que fue vencedor de ambos en el pasado.<\/p>\n<p>Adem\u00e1s, <b>Floyd Mayweather<\/b> descart\u00f3 de forma tajante y definitiva el hecho de convertirse en la figura principal para la apertura en 2016 del nuevo estadio que la empresa MGM levanta en Las Vegas.<\/p>\n<p>El boxeador norteamericano intentar\u00e1 igualar la marca hist\u00f3rica de<b>\u00a0Rocky Marciano<\/b>, quien puso fin a\u00a0su carrera en 1955 con un impecable r\u00e9cord: 49\u00a0triunfos y cero derrotas\u00a0(con 43 nocauts).<b>\u00a0<\/b>Hasta el momento, <em>Money<\/em>\u00a0tambi\u00e9n presumen una marca sin descalabro:\u00a048\u00a0triunfos,\u00a026 KO.<\/p>\n<p>Y con la intenci\u00f3n de dejar las cosas en claro, Leonard Ellerbe, estrecho colaborador del boxeador estadounidense, reafirm\u00f3 la categ\u00f3rica postura de\u00a0<b>Floyd Mayweather<\/b>.<\/p>\n<p>&#8220;\u00c9ste ser\u00e1 el \u00faltimo combate de Floyd y el \u00faltimo de su carrera\u201d, dijo.<\/p>\n","protected":false},"excerpt":{"rendered":"<p>La del pr\u00f3ximo s\u00e1bado, ser\u00e1 la \u00faltima pelea del boxeador estadounidense<\/p>\n","protected":false},"author":20,"featured_media":309615,"comment_status":"open","ping_status":"open","sticky":false,"template":"","format":"standard","meta":[],"categories":[5418],"tags":[5518,5771],"_links":{"self":[{"href":"http:\/\/desarrollo.grupomedios.com\/futbol\/wp-json\/wp\/v2\/posts\/309608"}],"collection":[{"href":"http:\/\/desarrollo.grupomedios.com\/futbol\/wp-json\/wp\/v2\/posts"}],"about":[{"href":"http:\/\/desarrollo.grupomedios.com\/futbol\/wp-json\/wp\/v2\/types\/post"}],"author":[{"embeddable":true,"href":"http:\/\/desarrollo.grupomedios.com\/futbol\/wp-json\/wp\/v2\/users\/20"}],"replies":[{"embeddable":true,"href":"http:\/\/desarrollo.grupomedios.com\/futbol\/wp-json\/wp\/v2\/comments?post=309608"}],"version-history":[{"count":0,"href":"http:\/\/desarrollo.grupomedios.com\/futbol\/wp-json\/wp\/v2\/posts\/309608\/revisions"}],"wp:featuredmedia":[{"embeddable":true,"href":"http:\/\/desarrollo.grupomedios.com\/futbol\/wp-json\/wp\/v2\/media\/309615"}],"wp:attachment":[{"href":"http:\/\/desarrollo.grupomedios.com\/futbol\/wp-json\/wp\/v2\/media?parent=309608"}],"wp:term":[{"taxonomy":"category","embeddable":true,"href":"http:\/\/desarrollo.grupomedios.com\/futbol\/wp-json\/wp\/v2\/categories?post=309608"},{"taxonomy":"post_tag","embeddable":true,"href":"http:\/\/desarrollo.grupomedios.com\/futbol\/wp-json\/wp\/v2\/tags?post=309608"}],"curies":[{"name":"wp","href":"https:\/\/api.w.org\/{rel}","templated":true}]}}