{"id":309667,"date":"2015-09-06T18:16:02","date_gmt":"2015-09-06T23:16:02","guid":{"rendered":"http:\/\/futboltotal.com.mx\/?p=309667"},"modified":"2015-09-06T21:59:35","modified_gmt":"2015-09-07T02:59:35","slug":"asi-luchan-ochoa-y-kameni-por-la-titularidad","status":"publish","type":"post","link":"http:\/\/desarrollo.grupomedios.com\/futbol\/videos\/asi-luchan-ochoa-y-kameni-por-la-titularidad\/2015\/09","title":{"rendered":"As\u00ed luchan Ochoa y Kameni por la titularidad"},"content":{"rendered":"<p>Pese a que en la pasada campa\u00f1a no tuvo ni un solo minuto de juego en la <strong>Liga de Espa\u00f1a<\/strong>, el portero mexicano <b>Guillermo Ochoa<\/b> apost\u00f3 por continuar una temporada m\u00e1s con el <b>M\u00e1laga<\/b>. Y aunque en los dos primeros partidos del presente curso, el cancerbero camerun\u00e9s <strong>Carlos Kameni<\/strong> ha sido de nueva cuenta el titular, <i>Memo<\/i> no baja los brazos.<\/p>\n<p>Ante la dura competencia por ganarse el puesto de portero titular, el <strong>M\u00e1laga<\/strong> realiz\u00f3 video donde hace\u00a0un puntal seguimiento del entrenamiento de\u00a0<b>Guillermo Ochoa<\/b> y <b>Carlos Kameni<\/b>.<\/p>\n<p><iframe loading=\"lazy\" src=\"https:\/\/www.youtube.com\/embed\/oUzEhpAuvMk\" frameborder=\"0\" allowfullscreen=\"allowfullscreen\"><\/iframe><\/p>\n<p>&#8220;\u00bfC\u00f3mo entrenan los porteros?, \u00bfcu\u00e1les son los ejercicios espec\u00edficos para esta posici\u00f3n especial? <strong>M\u00e1laga CF Inside<\/strong> realiz\u00f3 un seguimiento a los guardametas malaguistas <strong>Guillermo Ochoa<\/strong> y <strong>Carlos Kameni<\/strong>\u00a0y muestra a pie de c\u00e9sped diferentes ejercicios dirigidos por el preparador de porteros I\u00f1igo Arteaga&#8221;, public\u00f3 el club espa\u00f1ol en su cuenta de <em>YouTube<\/em>, plataforma donde comparti\u00f3 el video.<\/p>\n<p>Durante la pasada temporada\u00a0<b>Carlos Kameni<\/b>\u00a0se adue\u00f1\u00f3 de la titularidad y releg\u00f3 a\u00a0<b>Guillermo Ochoa<\/b>\u00a0a la banca. El portero camerun\u00e9s disput\u00f3 todos los minutos de la Liga de Espa\u00f1a con el\u00a0<b>M\u00e1laga<\/b>, por lo que el cancerbero mexicano tuvo que conformarse con participar en la Copa del Rey.\u00a0Para la nueva campa\u00f1a, la disputa por el puesto titular en la porter\u00eda del\u00a0<b>M\u00e1laga<\/b>\u00a0se mantendr\u00e1.<\/p>\n","protected":false},"excerpt":{"rendered":"<p>El M\u00e1laga hace un puntal seguimiento al entrenamiento de los dos porteros<\/p>\n","protected":false},"author":20,"featured_media":309669,"comment_status":"open","ping_status":"open","sticky":false,"template":"","format":"standard","meta":[],"categories":[3839,3844,4],"tags":[5991,306,679],"_links":{"self":[{"href":"http:\/\/desarrollo.grupomedios.com\/futbol\/wp-json\/wp\/v2\/posts\/309667"}],"collection":[{"href":"http:\/\/desarrollo.grupomedios.com\/futbol\/wp-json\/wp\/v2\/posts"}],"about":[{"href":"http:\/\/desarrollo.grupomedios.com\/futbol\/wp-json\/wp\/v2\/types\/post"}],"author":[{"embeddable":true,"href":"http:\/\/desarrollo.grupomedios.com\/futbol\/wp-json\/wp\/v2\/users\/20"}],"replies":[{"embeddable":true,"href":"http:\/\/desarrollo.grupomedios.com\/futbol\/wp-json\/wp\/v2\/comments?post=309667"}],"version-history":[{"count":0,"href":"http:\/\/desarrollo.grupomedios.com\/futbol\/wp-json\/wp\/v2\/posts\/309667\/revisions"}],"wp:featuredmedia":[{"embeddable":true,"href":"http:\/\/desarrollo.grupomedios.com\/futbol\/wp-json\/wp\/v2\/media\/309669"}],"wp:attachment":[{"href":"http:\/\/desarrollo.grupomedios.com\/futbol\/wp-json\/wp\/v2\/media?parent=309667"}],"wp:term":[{"taxonomy":"category","embeddable":true,"href":"http:\/\/desarrollo.grupomedios.com\/futbol\/wp-json\/wp\/v2\/categories?post=309667"},{"taxonomy":"post_tag","embeddable":true,"href":"http:\/\/desarrollo.grupomedios.com\/futbol\/wp-json\/wp\/v2\/tags?post=309667"}],"curies":[{"name":"wp","href":"https:\/\/api.w.org\/{rel}","templated":true}]}}