{"id":309747,"date":"2015-09-07T11:26:56","date_gmt":"2015-09-07T16:26:56","guid":{"rendered":"http:\/\/futboltotal.com.mx\/?p=309747"},"modified":"2015-09-07T11:26:56","modified_gmt":"2015-09-07T16:26:56","slug":"balotelli-detenido-por-conducir-a-exceso-de-velocidad","status":"publish","type":"post","link":"http:\/\/desarrollo.grupomedios.com\/futbol\/futbol-internacional\/balotelli-detenido-por-conducir-a-exceso-de-velocidad\/2015\/09","title":{"rendered":"Balotelli, detenido por conducir a exceso de velocidad"},"content":{"rendered":"<p>El delantero <strong>Mario Balotelli<\/strong> ya tuvo su primer desliz fuera de la cancha despu\u00e9s de haber regresado a su natal Italia para militar en el <strong>AC Mil\u00e1n, <\/strong>donde jugar\u00e1 una temporada en calidad a pr\u00e9stamo.<\/p>\n<p>Este lunes se dio a conocer qu<em>e Super Mario<\/em> fue detenido por conducir a exceso de velocidad mientras viajaba con su familia por Brescia. El reporte de los medios locales afirma la polic\u00eda de tr\u00e1nsito lo intercept\u00f3 despu\u00e9s de haber recibido una alerta emitida por un radar situado en una zona cercana a su domicilio.<\/p>\n<p>En pleno receso por Fecha FIFA, Balotelli tuvos unos dias libres en el Mil\u00e1n y aprovech\u00f3 para ir de compras y mientras se dirig\u00eda a su destino conduc\u00eda a exceso de velocidad. Seg\u00fan la informaci\u00f3n publicada por diversos medios italianos, las autoridades no sab\u00edan que se trataba del ariete del Mil\u00e1n hasta que le pidieron que bajara la ventanilla y le requirieron la documentaci\u00f3n del veh\u00edculo y licencia de manejo.<\/p>\n<p>&#8220;Lo lamento. No me hab\u00eda dado cuenta que iba tan r\u00e1pido&#8221;. Fueron las palabras que habr\u00eda dicho Balotelli al agente para tratar de librar la infracci\u00f3n. Sin embargo no hubo forma de que as\u00ed fuera y el oficial procedi\u00f3 a levantarla y lo dej\u00f3 circular.<\/p>\n<p>Cuando Balotelli lleg\u00f3 al Mil\u00e1n lo hizo condicionado y firm\u00f3 un acuerdo en el que se compromet\u00eda a tener un comportamiento intachable o de lo contrario el Milan ten\u00eda facultad de rescindir su contrato. Seg\u00fan la prensa italiana este indicente podr\u00eda no ser determinante para que ello sucediera, aunque falta esperar la postura que asumir\u00e1 el equipo.<\/p>\n<p>&nbsp;<\/p>\n","protected":false},"excerpt":{"rendered":"<p>El ariete del AC Milan vuelve a meterse en l\u00edos con la polic\u00eda <\/p>\n","protected":false},"author":20,"featured_media":309753,"comment_status":"open","ping_status":"open","sticky":false,"template":"","format":"standard","meta":[],"categories":[3839,3848],"tags":[2102,242],"_links":{"self":[{"href":"http:\/\/desarrollo.grupomedios.com\/futbol\/wp-json\/wp\/v2\/posts\/309747"}],"collection":[{"href":"http:\/\/desarrollo.grupomedios.com\/futbol\/wp-json\/wp\/v2\/posts"}],"about":[{"href":"http:\/\/desarrollo.grupomedios.com\/futbol\/wp-json\/wp\/v2\/types\/post"}],"author":[{"embeddable":true,"href":"http:\/\/desarrollo.grupomedios.com\/futbol\/wp-json\/wp\/v2\/users\/20"}],"replies":[{"embeddable":true,"href":"http:\/\/desarrollo.grupomedios.com\/futbol\/wp-json\/wp\/v2\/comments?post=309747"}],"version-history":[{"count":0,"href":"http:\/\/desarrollo.grupomedios.com\/futbol\/wp-json\/wp\/v2\/posts\/309747\/revisions"}],"wp:featuredmedia":[{"embeddable":true,"href":"http:\/\/desarrollo.grupomedios.com\/futbol\/wp-json\/wp\/v2\/media\/309753"}],"wp:attachment":[{"href":"http:\/\/desarrollo.grupomedios.com\/futbol\/wp-json\/wp\/v2\/media?parent=309747"}],"wp:term":[{"taxonomy":"category","embeddable":true,"href":"http:\/\/desarrollo.grupomedios.com\/futbol\/wp-json\/wp\/v2\/categories?post=309747"},{"taxonomy":"post_tag","embeddable":true,"href":"http:\/\/desarrollo.grupomedios.com\/futbol\/wp-json\/wp\/v2\/tags?post=309747"}],"curies":[{"name":"wp","href":"https:\/\/api.w.org\/{rel}","templated":true}]}}