{"id":309893,"date":"2015-09-07T20:19:23","date_gmt":"2015-09-08T01:19:23","guid":{"rendered":"http:\/\/futboltotal.com.mx\/?p=309893"},"modified":"2015-09-07T20:22:24","modified_gmt":"2015-09-08T01:22:24","slug":"damm-ve-parejo-el-duelo-entre-america-y-tigres","status":"publish","type":"post","link":"http:\/\/desarrollo.grupomedios.com\/futbol\/futbol-mexicano\/damm-ve-parejo-el-duelo-entre-america-y-tigres\/2015\/09","title":{"rendered":"Damm ve parejo el duelo entre Am\u00e9rica y Tigres"},"content":{"rendered":"<p>El futbolista de <strong><a href=\"http:\/\/www.futboltotal.com.mx\/equipos\/tigres\/\" target=\"_blank\">Tigres<\/a><\/strong>, <strong>Jurgen Damm<\/strong>, ve parejo el duelo que sostendr\u00e1n los felinos ante el <strong><a href=\"http:\/\/www.futboltotal.com.mx\/equipos\/america\/\" target=\"_blank\">Am\u00e9rica<\/a><\/strong>, el pr\u00f3ximo s\u00e1bado 12 de septiembre, en la capital del pa\u00eds. El volante sabe que las dos escuadras est\u00e1n en buena racha y por ello ser\u00e1 un buen choque.<\/p>\n<p>&#8220;Estamos al igual en las fuerzas, los dos tienes grandes jugadores, muy buena afici\u00f3n y va a ser un partido muy complicado en el que tenemos hacer las cosas bien para ganar&#8221;, se\u00f1alo <strong>Jurgen Damm<\/strong>.<\/p>\n<p>El futbolista de <strong>Tigres<\/strong> afirma que el conjunto de la UANL todav\u00eda trabaja en mejorar detalles, pero est\u00e1 seguro de que en cuanto tome su ritmo, ser\u00e1 imposible pararlos. En cuanto al nivel que Damm ha presentado en lo que va del <strong>Apertura 2015<\/strong>, el volante est\u00e1 al tanto de que a\u00fan no llega a su mejor nivel, por eso hace hincapi\u00e9 en que \u00e9l y el equipo trabajan para realizar lo que les pida el <em>Tuca<\/em> Ferretti.<\/p>\n<p><strong>Tigres<\/strong> y <strong>Am\u00e9rica<\/strong> se enfrentar\u00e1n este s\u00e1bado 12 de septiembre en el Estadio Azteca, a las 17:00 horas, en partido correspondiente a la jornada 8 de la <strong><a href=\"http:\/\/www.futboltotal.com.mx\/futbol-mexicano\/\" target=\"_blank\">Liga MX<\/a>.<\/strong> <strong>Jurgen Damm<\/strong> ve un duelo parejo, pero en el ranking mundial de clubes, el cuadro <em>regiomontano<\/em> se ubica en un mejor ranking global que las <em>\u00c1guilas<\/em>.<\/p>\n<p>[video_player]https:\/\/player.vimeo.com\/external\/138345739.sd.mp4?s=f02ed6285fbfe86881f63fe1345ff812&amp;profile_id=112[\/video_player]<\/p>\n","protected":false},"excerpt":{"rendered":"<p>Previo al duelo de fin de semana, Jurgen ve a a los dos equipos con igualdad de fuerzas<\/p>\n","protected":false},"author":20,"featured_media":309913,"comment_status":"open","ping_status":"open","sticky":false,"template":"","format":"standard","meta":[],"categories":[2198,3845],"tags":[5959,1916,5973],"_links":{"self":[{"href":"http:\/\/desarrollo.grupomedios.com\/futbol\/wp-json\/wp\/v2\/posts\/309893"}],"collection":[{"href":"http:\/\/desarrollo.grupomedios.com\/futbol\/wp-json\/wp\/v2\/posts"}],"about":[{"href":"http:\/\/desarrollo.grupomedios.com\/futbol\/wp-json\/wp\/v2\/types\/post"}],"author":[{"embeddable":true,"href":"http:\/\/desarrollo.grupomedios.com\/futbol\/wp-json\/wp\/v2\/users\/20"}],"replies":[{"embeddable":true,"href":"http:\/\/desarrollo.grupomedios.com\/futbol\/wp-json\/wp\/v2\/comments?post=309893"}],"version-history":[{"count":0,"href":"http:\/\/desarrollo.grupomedios.com\/futbol\/wp-json\/wp\/v2\/posts\/309893\/revisions"}],"wp:featuredmedia":[{"embeddable":true,"href":"http:\/\/desarrollo.grupomedios.com\/futbol\/wp-json\/wp\/v2\/media\/309913"}],"wp:attachment":[{"href":"http:\/\/desarrollo.grupomedios.com\/futbol\/wp-json\/wp\/v2\/media?parent=309893"}],"wp:term":[{"taxonomy":"category","embeddable":true,"href":"http:\/\/desarrollo.grupomedios.com\/futbol\/wp-json\/wp\/v2\/categories?post=309893"},{"taxonomy":"post_tag","embeddable":true,"href":"http:\/\/desarrollo.grupomedios.com\/futbol\/wp-json\/wp\/v2\/tags?post=309893"}],"curies":[{"name":"wp","href":"https:\/\/api.w.org\/{rel}","templated":true}]}}