{"id":309941,"date":"2015-09-08T08:59:20","date_gmt":"2015-09-08T13:59:20","guid":{"rendered":"http:\/\/futboltotal.com.mx\/?p=309941"},"modified":"2015-09-08T08:59:32","modified_gmt":"2015-09-08T13:59:32","slug":"codazo-de-arbitro-a-futbolista-en-espana","status":"publish","type":"post","link":"http:\/\/desarrollo.grupomedios.com\/futbol\/videos\/codazo-de-arbitro-a-futbolista-en-espana\/2015\/09","title":{"rendered":"Codazo de \u00e1rbitro a futbolista en Espa\u00f1a"},"content":{"rendered":"<p>En el futbol cualquier cosa puede pasar y a medida que el tiempo avanza, eso queda comprobado en postales o videos. El \u00faltimo incidente que comprueba esta premisa es el choque del <strong>\u00e1rbitro Martin Keown<\/strong> y el futbolista del Mallorca Lucas Alvedano, en el futbol espa\u00f1ol de Segunda Divisi\u00f3n.<\/p>\n<p>Con la pelota en el aire, el silbante se acerc\u00f3 demasiado a la acci\u00f3n y de manera inevitable, tuvo una colisi\u00f3n con el defensor, aunque con la repetici\u00f3n, se nota que hubo un movimiento un tanto exagerado del \u00e1rbitro al sentir el contacto. <\/p>\n<p>Para evitar cualquier clase de duda sobre el golpe, Keown r\u00e1pidamente se disculp\u00f3 aunque la inc\u00f3gnita se dispar\u00f3. \u00bfSe trat\u00f3 de un golpe intencional?<\/p>\n<p><iframe loading=\"lazy\" src=\"https:\/\/www.youtube.com\/embed\/6foDLCz2pdU\" frameborder=\"0\" allowfullscreen><\/iframe><\/p>\n","protected":false},"excerpt":{"rendered":"<p>En la Segunda Divisi\u00f3n se suscit\u00f3 el curioso incidente <\/p>\n","protected":false},"author":20,"featured_media":309944,"comment_status":"open","ping_status":"open","sticky":false,"template":"","format":"standard","meta":[],"categories":[3844,4],"tags":[2365,6169],"_links":{"self":[{"href":"http:\/\/desarrollo.grupomedios.com\/futbol\/wp-json\/wp\/v2\/posts\/309941"}],"collection":[{"href":"http:\/\/desarrollo.grupomedios.com\/futbol\/wp-json\/wp\/v2\/posts"}],"about":[{"href":"http:\/\/desarrollo.grupomedios.com\/futbol\/wp-json\/wp\/v2\/types\/post"}],"author":[{"embeddable":true,"href":"http:\/\/desarrollo.grupomedios.com\/futbol\/wp-json\/wp\/v2\/users\/20"}],"replies":[{"embeddable":true,"href":"http:\/\/desarrollo.grupomedios.com\/futbol\/wp-json\/wp\/v2\/comments?post=309941"}],"version-history":[{"count":0,"href":"http:\/\/desarrollo.grupomedios.com\/futbol\/wp-json\/wp\/v2\/posts\/309941\/revisions"}],"wp:featuredmedia":[{"embeddable":true,"href":"http:\/\/desarrollo.grupomedios.com\/futbol\/wp-json\/wp\/v2\/media\/309944"}],"wp:attachment":[{"href":"http:\/\/desarrollo.grupomedios.com\/futbol\/wp-json\/wp\/v2\/media?parent=309941"}],"wp:term":[{"taxonomy":"category","embeddable":true,"href":"http:\/\/desarrollo.grupomedios.com\/futbol\/wp-json\/wp\/v2\/categories?post=309941"},{"taxonomy":"post_tag","embeddable":true,"href":"http:\/\/desarrollo.grupomedios.com\/futbol\/wp-json\/wp\/v2\/tags?post=309941"}],"curies":[{"name":"wp","href":"https:\/\/api.w.org\/{rel}","templated":true}]}}