{"id":310339,"date":"2015-09-09T11:39:12","date_gmt":"2015-09-09T16:39:12","guid":{"rendered":"http:\/\/futboltotal.com.mx\/?p=310339"},"modified":"2015-09-09T11:44:02","modified_gmt":"2015-09-09T16:44:02","slug":"barcelona-pierde-a-claudio-bravo","status":"publish","type":"post","link":"http:\/\/desarrollo.grupomedios.com\/futbol\/futbol-internacional\/barcelona-pierde-a-claudio-bravo\/2015\/09","title":{"rendered":"Barcelona pierde a Claudio Bravo"},"content":{"rendered":"<p>Una lesi\u00f3n muscular en la pierna izquierda dejar\u00e1 al portero chileno <strong>Claudio Bravo<\/strong> fuera de actividad durante las pr\u00f3ximas tres semanas. Su baja cae en el momento m\u00e1s inoportuno para los <em>Cul\u00e9s, <\/em>toda vez que el pr\u00f3ximo s\u00e1bado enfrentan al Atl\u00e9tico de Madrid en la Jornada 3 de la Liga.<\/p>\n<p>Mientras el Barcelona no dio un tiempo estimado de recuperaci\u00f3n y apunt\u00f3 que la participaci\u00f3n de Bravo queda &#8220;pendiente a la evoluci\u00f3n de la lesi\u00f3n&#8221;, el representante del jugador, Cristian Ogalde, indic\u00f3 que ya charl\u00f3 con el andino y para que pueda estar totalmente recuperado &#8220;necesita dejar de jugar de tres semanas&#8221;.<\/p>\n<p>Al igual que en la pasada temporada, el entrenador Luis Enrique perfilaba que Bravo fuera arquero titular de la Liga mientras en la Champions League lo ser\u00eda Ter Stegn, quien el a\u00f1o pasado no jug\u00f3 en el campeonato local. Ante la baja de Bravo, habr\u00e1 un cambio obligado y el alem\u00e1n debutar\u00e1 este fin de semana ante Atl\u00e9tico y el pr\u00f3ximo mi\u00e9rcoles lo hara en el arranque de UCL ante la Roma.<\/p>\n<p>Este mi\u00e9rcoles Ter Stegen ya report\u00f3 con el Barcelona tras la disputa de la Fecha FIFA mientras Claudio Bravo comenz\u00f3 a rehabilitarse. Si se cumple con el tiempo estimado, el chileno de 32 a\u00f1os estar\u00eda de vuelta para la primera semana de octubre, cuando los <em>Blaugranas<\/em> visitar\u00e1n el S\u00e1nchez Pizju\u00e1n para medirse al Sevilla en la jornada siete.<\/p>\n","protected":false},"excerpt":{"rendered":"<p>El portero sufre una lesi\u00f3n en la pierna izquierda; debutar\u00e1 en liga Ter Stegen <\/p>\n","protected":false},"author":20,"featured_media":310344,"comment_status":"open","ping_status":"open","sticky":false,"template":"","format":"standard","meta":[],"categories":[3839,3844,5951],"tags":[5984,5595,2933],"_links":{"self":[{"href":"http:\/\/desarrollo.grupomedios.com\/futbol\/wp-json\/wp\/v2\/posts\/310339"}],"collection":[{"href":"http:\/\/desarrollo.grupomedios.com\/futbol\/wp-json\/wp\/v2\/posts"}],"about":[{"href":"http:\/\/desarrollo.grupomedios.com\/futbol\/wp-json\/wp\/v2\/types\/post"}],"author":[{"embeddable":true,"href":"http:\/\/desarrollo.grupomedios.com\/futbol\/wp-json\/wp\/v2\/users\/20"}],"replies":[{"embeddable":true,"href":"http:\/\/desarrollo.grupomedios.com\/futbol\/wp-json\/wp\/v2\/comments?post=310339"}],"version-history":[{"count":0,"href":"http:\/\/desarrollo.grupomedios.com\/futbol\/wp-json\/wp\/v2\/posts\/310339\/revisions"}],"wp:featuredmedia":[{"embeddable":true,"href":"http:\/\/desarrollo.grupomedios.com\/futbol\/wp-json\/wp\/v2\/media\/310344"}],"wp:attachment":[{"href":"http:\/\/desarrollo.grupomedios.com\/futbol\/wp-json\/wp\/v2\/media?parent=310339"}],"wp:term":[{"taxonomy":"category","embeddable":true,"href":"http:\/\/desarrollo.grupomedios.com\/futbol\/wp-json\/wp\/v2\/categories?post=310339"},{"taxonomy":"post_tag","embeddable":true,"href":"http:\/\/desarrollo.grupomedios.com\/futbol\/wp-json\/wp\/v2\/tags?post=310339"}],"curies":[{"name":"wp","href":"https:\/\/api.w.org\/{rel}","templated":true}]}}