{"id":310413,"date":"2015-09-09T16:09:22","date_gmt":"2015-09-09T21:09:22","guid":{"rendered":"http:\/\/futboltotal.com.mx\/?p=310413"},"modified":"2015-09-09T16:10:15","modified_gmt":"2015-09-09T21:10:15","slug":"matias-vuoso-frena-a-la-cantera-de-cruz-azul","status":"publish","type":"post","link":"http:\/\/desarrollo.grupomedios.com\/futbol\/futbol-mexicano\/matias-vuoso-frena-a-la-cantera-de-cruz-azul\/2015\/09","title":{"rendered":"Mat\u00edas Vuoso frena a la cantera de Cruz Azul"},"content":{"rendered":"<p>En conferencia de prensa, el delantero del <strong><a href=\"http:\/\/www.futboltotal.com.mx\/equipos\/cruz-azul\/\" target=\"_blank\">Cruz Azul<\/a><\/strong>, <strong>Vicente Mat\u00edas Vuoso<\/strong>, habl\u00f3 sobre la situaci\u00f3n del equipo en el Apertura 2015, pues la <em>M\u00e1quina<\/em> atraviesa por un momento problem\u00e1tico, al sumar a varios lesionados y malos resultados la <strong><a href=\"http:\/\/www.futboltotal.com.mx\/futbol-mexicano\/\" target=\"_blank\">Liga MX<\/a><\/strong>.<\/p>\n<p>Ante las cuestiones que tienen en alerta a <strong>Cruz Azul<\/strong>, <strong>Mat\u00edas Vuoso<\/strong> se\u00f1ala que la <em>M\u00e1quina<\/em> no debe de debutar a jugadores en este momento, pues la situaci\u00f3n del equipo, no lo amerita.<\/p>\n<p>&#8220;Quiz\u00e1 si las cosas estuvieran bien, ser\u00eda un momento menos complicado para debutar chavos o debutar gente; los que estamos tendremos que sacar la casta por nuestros compa\u00f1eros tambi\u00e9n&#8221;, explic\u00f3 <strong>Mat\u00edas Vuoso<\/strong>.<\/p>\n<p>El argentino naturalizado mexicano argumenta que los futbolistas con trayectoria que est\u00e1n en buenas condiciones f\u00edsicas, son suficientes para cubrir los lugares de los compa\u00f1eros, por lo que minimiza las bajas que ha tenido <strong>Cruz Azul<\/strong> en las \u00faltimas semanas.<\/p>\n<p>&#8220;Tener al equipo mermado no es lo ideal, pero hay gente de sobra para sustituir a los que est\u00e1n y trataremos de hacerlo lo mejor posible&#8221;, agreg\u00f3 el delantero celeste.<\/p>\n<p><strong>Cruz Azul<\/strong> tiene la presi\u00f3n encima por acumular 17 a\u00f1os sin poder alcanzar un t\u00edtulo de <strong>Liga MX<\/strong>, y porque los resultados no han favorecido a la <em>M\u00e1quina<\/em> en el Apertura 2015, aunado a que la afici\u00f3n no estima al estratega del equipo, desde que fue nombrado a cargo del banquillo celeste. Es por eso, que <strong>Mat\u00edas Vuoso<\/strong> aconseja no experimentar con los futbolistas canteranos.<\/p>\n<p>El siguiente compromiso de <strong>Cruz Azul<\/strong> este s\u00e1bado 12 de septiembre, cuando visite al Monterrey en el estadio BBVA, a las 19:00 horas, en juego correspondiente a la jornada 8 del <strong>Apertura 2015<\/strong>.<\/p>\n","protected":false},"excerpt":{"rendered":"<p>El atacante se\u00f1ala que la M\u00e1quina no est\u00e1 en condiciones de debutar gente<\/p>\n","protected":false},"author":20,"featured_media":310418,"comment_status":"open","ping_status":"open","sticky":false,"template":"","format":"standard","meta":[],"categories":[2198,3845],"tags":[5962,4362],"_links":{"self":[{"href":"http:\/\/desarrollo.grupomedios.com\/futbol\/wp-json\/wp\/v2\/posts\/310413"}],"collection":[{"href":"http:\/\/desarrollo.grupomedios.com\/futbol\/wp-json\/wp\/v2\/posts"}],"about":[{"href":"http:\/\/desarrollo.grupomedios.com\/futbol\/wp-json\/wp\/v2\/types\/post"}],"author":[{"embeddable":true,"href":"http:\/\/desarrollo.grupomedios.com\/futbol\/wp-json\/wp\/v2\/users\/20"}],"replies":[{"embeddable":true,"href":"http:\/\/desarrollo.grupomedios.com\/futbol\/wp-json\/wp\/v2\/comments?post=310413"}],"version-history":[{"count":0,"href":"http:\/\/desarrollo.grupomedios.com\/futbol\/wp-json\/wp\/v2\/posts\/310413\/revisions"}],"wp:featuredmedia":[{"embeddable":true,"href":"http:\/\/desarrollo.grupomedios.com\/futbol\/wp-json\/wp\/v2\/media\/310418"}],"wp:attachment":[{"href":"http:\/\/desarrollo.grupomedios.com\/futbol\/wp-json\/wp\/v2\/media?parent=310413"}],"wp:term":[{"taxonomy":"category","embeddable":true,"href":"http:\/\/desarrollo.grupomedios.com\/futbol\/wp-json\/wp\/v2\/categories?post=310413"},{"taxonomy":"post_tag","embeddable":true,"href":"http:\/\/desarrollo.grupomedios.com\/futbol\/wp-json\/wp\/v2\/tags?post=310413"}],"curies":[{"name":"wp","href":"https:\/\/api.w.org\/{rel}","templated":true}]}}