{"id":310455,"date":"2015-09-09T19:12:18","date_gmt":"2015-09-10T00:12:18","guid":{"rendered":"http:\/\/futboltotal.com.mx\/?p=310455"},"modified":"2015-09-09T19:13:15","modified_gmt":"2015-09-10T00:13:15","slug":"benedetto-mantiene-interes-en-el-tri","status":"publish","type":"post","link":"http:\/\/desarrollo.grupomedios.com\/futbol\/futbol-mexicano\/benedetto-mantiene-interes-en-el-tri\/2015\/09","title":{"rendered":"Benedetto mantiene inter\u00e9s en el Tri"},"content":{"rendered":"<p>El delantero del <strong><a href=\"http:\/\/www.futboltotal.com.mx\/equipos\/america\/\" target=\"_blank\">Am\u00e9rica<\/a><\/strong>, <strong>Dar\u00edo Benedetto<\/strong>, se\u00f1al\u00f3 en una entrevista que a\u00fan tiene el objetivo de competir con un representativo nacional, y como lo ha dicho en reiteradas ocasiones, no rechazar\u00eda a la <strong><a href=\"http:\/\/www.futboltotal.com.mx\/futbol-mexicano\/seleccion-mexicana\/\" target=\"_blank\">Selecci\u00f3n Mexicana<\/a><\/strong>. Esto lo aclar\u00f3, luego de que se le cuestionara sobre lo que le pareci\u00f3 el duelo entre <a href=\"http:\/\/futboltotal.com.mx\/2015\/09\/caghajooo-mexico-deja-escapar-el-triunfo-ante-argentina\/\" target=\"_blank\">M\u00e9xico y Argentina<\/a>.<\/p>\n<p>La naturalizaci\u00f3n de <strong>Dar\u00edo Benedetto<\/strong> a\u00fan est\u00e1 en proceso, por lo que su estatus en la <strong><a href=\"http:\/\/www.futboltotal.com.mx\/futbol-mexicano\/\" target=\"_blank\">Liga MX<\/a><\/strong> a\u00fan cubre la plaza de extranjero; por ello, el ariete argentino a\u00fan se siente atra\u00eddo por jugar con el Tri en cuanto logre obtener la ciudadan\u00eda, y en caso de que la <em>albiceleste<\/em> no se fije en \u00e9l.<\/p>\n<p>&#8220;C\u00f3mo no me va a atraer jugar en la <strong>Selecci\u00f3n Mexicana<\/strong>. Estoy jugando en M\u00e9xico y desde que he llegado a este pa\u00eds me han tratado de maravilla y estoy muy contento. Obviamente me encantar\u00eda vestir la camiseta de M\u00e9xico, pero eso ya no depende de m\u00ed&#8221;, declar\u00f3 <strong>Dar\u00edo Benedetto<\/strong>, en entrevista con <em>Fox Sports.<\/em><\/p>\n<p>El delantero tambi\u00e9n habl\u00f3 de la situaci\u00f3n del <strong>Am\u00e9rica<\/strong> y de la posibilidad de que alcanzara el t\u00edtulo de goleo de la <strong>Liga MX<\/strong> en este <strong>Apertura 2015<\/strong>.<\/p>\n<p>&#8220;Uno siempre trabaja para lograr ese tipo de premios. Tampoco me lo quiero meter en la cabeza porque puede jugarme en contra. Si se da, se da, pero hay que ver por el equipo&#8221;, explic\u00f3 Benedetto.<\/p>\n","protected":false},"excerpt":{"rendered":"<p>El delantero de las \u00c1guilas contin\u00faa con el anhelo de jugar en alguna selecci\u00f3n<\/p>\n","protected":false},"author":20,"featured_media":302677,"comment_status":"open","ping_status":"open","sticky":false,"template":"","format":"standard","meta":[],"categories":[2198,3845],"tags":[5959,3876,142],"_links":{"self":[{"href":"http:\/\/desarrollo.grupomedios.com\/futbol\/wp-json\/wp\/v2\/posts\/310455"}],"collection":[{"href":"http:\/\/desarrollo.grupomedios.com\/futbol\/wp-json\/wp\/v2\/posts"}],"about":[{"href":"http:\/\/desarrollo.grupomedios.com\/futbol\/wp-json\/wp\/v2\/types\/post"}],"author":[{"embeddable":true,"href":"http:\/\/desarrollo.grupomedios.com\/futbol\/wp-json\/wp\/v2\/users\/20"}],"replies":[{"embeddable":true,"href":"http:\/\/desarrollo.grupomedios.com\/futbol\/wp-json\/wp\/v2\/comments?post=310455"}],"version-history":[{"count":0,"href":"http:\/\/desarrollo.grupomedios.com\/futbol\/wp-json\/wp\/v2\/posts\/310455\/revisions"}],"wp:featuredmedia":[{"embeddable":true,"href":"http:\/\/desarrollo.grupomedios.com\/futbol\/wp-json\/wp\/v2\/media\/302677"}],"wp:attachment":[{"href":"http:\/\/desarrollo.grupomedios.com\/futbol\/wp-json\/wp\/v2\/media?parent=310455"}],"wp:term":[{"taxonomy":"category","embeddable":true,"href":"http:\/\/desarrollo.grupomedios.com\/futbol\/wp-json\/wp\/v2\/categories?post=310455"},{"taxonomy":"post_tag","embeddable":true,"href":"http:\/\/desarrollo.grupomedios.com\/futbol\/wp-json\/wp\/v2\/tags?post=310455"}],"curies":[{"name":"wp","href":"https:\/\/api.w.org\/{rel}","templated":true}]}}