{"id":310778,"date":"2015-09-11T08:17:00","date_gmt":"2015-09-11T13:17:00","guid":{"rendered":"http:\/\/futboltotal.com.mx\/?p=310778"},"modified":"2015-09-11T08:43:16","modified_gmt":"2015-09-11T13:43:16","slug":"david-de-gea-renovo-contrato-con-manchester-united","status":"publish","type":"post","link":"http:\/\/desarrollo.grupomedios.com\/futbol\/futbol-internacional\/david-de-gea-renovo-contrato-con-manchester-united\/2015\/09","title":{"rendered":"David de Gea renov\u00f3 contrato con Manchester United"},"content":{"rendered":"<p>Tras una historia que parec\u00eda haber rebasado toda clase de reconciliaci\u00f3n, el futbol demuestra que siempre puede sorprendernos, no importa la situaci\u00f3n. La problem\u00e1tica entre <strong>David de Gea<\/strong> y Manchester United dur\u00f3 casi todo el verano, con el portero espa\u00f1ol ansioso por vestir los colores del Real Madrid y al final, un <a href=\"http:\/\/futboltotal.com.mx\/2015\/08\/david-de-gea-no-sera-jugador-del-real-madrid\/\">traspaso fallido en el cierre de las transferencias<\/a>. <\/p>\n<p>Pero este viernes la situaci\u00f3n pas\u00f3 a solucionarse, al menos en lo referente al conflicto de intereses, pues el Manchester United anunci\u00f3 una extensi\u00f3n en el v\u00ednculo con De Gea hasta 2019, con opci\u00f3n a un a\u00f1o m\u00e1s. <\/p>\n<blockquote class=\"twitter-tweet\" lang=\"es\">\n<p lang=\"en\" dir=\"ltr\">David De Gea has signed a new four-year contract at <a href=\"https:\/\/twitter.com\/hashtag\/mufc?src=hash\">#mufc<\/a> with an option to extend for a further year. <a href=\"http:\/\/t.co\/Z3JuQOaNEi\">pic.twitter.com\/Z3JuQOaNEi<\/a><\/p>\n<p>&mdash; Manchester United (@ManUtd) <a href=\"https:\/\/twitter.com\/ManUtd\/status\/642291550987358208\">septiembre 11, 2015<\/a><\/p><\/blockquote>\n<p><script async src=\"\/\/platform.twitter.com\/widgets.js\" charset=\"utf-8\"><\/script><\/p>\n<p>La ampliaci\u00f3n del v\u00ednculo del meta con el club de Old Trafford llega 11 d\u00edas despu\u00e9s de que se frustrara su traspaso al Real Madrid, una situaci\u00f3n que gener\u00f3 un cruce de acusaciones entre ambos clubes, que <a href=\"http:\/\/futboltotal.com.mx\/2015\/09\/la-razon-por-la-que-david-de-gea-no-ficho-con-el-real-madrid\/\">por desbaratar el acuerdo<\/a>.<\/p>\n<p>David de Gea acumula cuatro temporadas con el Manchester United. Durante su aventura con los <em>Red Devils<\/em> se hab\u00eda erigido como un referente de la instituci\u00f3n y pieza importante en los t\u00edtulos del club y tambi\u00e9n en el resurgir del mismo, tras la dimisi\u00f3n de Alex Ferguson. <\/p>\n<p>El cancerbero espa\u00f1ol suma 175 partidos con la instituci\u00f3n y seguir\u00e1 sumando m\u00e1s, luego de revelar que est\u00e1 maravillado con el acuerdo. <\/p>\n<p>&#8220;Estoy encantado de comenzar este nuevo cap\u00edtulo en mi carrera en el United. Siempre he disfrutado jugando con estos grandes jugadores en frente de nuestros fant\u00e1sticos aficionados&#8221;, se\u00f1al\u00f3 De Gea. &#8220;Estoy deseando trabajar duro para mejorar y ayudar a mis compa\u00f1eros a tener \u00e9xito&#8221;, sentenci\u00f3 el espa\u00f1ol, que competir\u00e1 con Sergio Romero por el puesto titular, algo que al comienzo de la temporada le neg\u00f3 Louis Van Gaal por no saber si contar\u00eda con \u00e9l para el curso actual. <\/p>\n","protected":false},"excerpt":{"rendered":"<p>Finaliz\u00f3 la novela del verano con un final inesperado <\/p>\n","protected":false},"author":20,"featured_media":310779,"comment_status":"open","ping_status":"open","sticky":false,"template":"","format":"standard","meta":[],"categories":[3839,3844,5951],"tags":[6072,43],"_links":{"self":[{"href":"http:\/\/desarrollo.grupomedios.com\/futbol\/wp-json\/wp\/v2\/posts\/310778"}],"collection":[{"href":"http:\/\/desarrollo.grupomedios.com\/futbol\/wp-json\/wp\/v2\/posts"}],"about":[{"href":"http:\/\/desarrollo.grupomedios.com\/futbol\/wp-json\/wp\/v2\/types\/post"}],"author":[{"embeddable":true,"href":"http:\/\/desarrollo.grupomedios.com\/futbol\/wp-json\/wp\/v2\/users\/20"}],"replies":[{"embeddable":true,"href":"http:\/\/desarrollo.grupomedios.com\/futbol\/wp-json\/wp\/v2\/comments?post=310778"}],"version-history":[{"count":0,"href":"http:\/\/desarrollo.grupomedios.com\/futbol\/wp-json\/wp\/v2\/posts\/310778\/revisions"}],"wp:featuredmedia":[{"embeddable":true,"href":"http:\/\/desarrollo.grupomedios.com\/futbol\/wp-json\/wp\/v2\/media\/310779"}],"wp:attachment":[{"href":"http:\/\/desarrollo.grupomedios.com\/futbol\/wp-json\/wp\/v2\/media?parent=310778"}],"wp:term":[{"taxonomy":"category","embeddable":true,"href":"http:\/\/desarrollo.grupomedios.com\/futbol\/wp-json\/wp\/v2\/categories?post=310778"},{"taxonomy":"post_tag","embeddable":true,"href":"http:\/\/desarrollo.grupomedios.com\/futbol\/wp-json\/wp\/v2\/tags?post=310778"}],"curies":[{"name":"wp","href":"https:\/\/api.w.org\/{rel}","templated":true}]}}