{"id":310801,"date":"2015-09-11T10:13:12","date_gmt":"2015-09-11T15:13:12","guid":{"rendered":"http:\/\/futboltotal.com.mx\/?p=310801"},"modified":"2015-09-11T10:14:35","modified_gmt":"2015-09-11T15:14:35","slug":"siguen-los-reproches-para-louis-van-gaal","status":"publish","type":"post","link":"http:\/\/desarrollo.grupomedios.com\/futbol\/futbol-internacional\/siguen-los-reproches-para-louis-van-gaal\/2015\/09","title":{"rendered":"Siguen los reproches para Louis Van Gaal"},"content":{"rendered":"<p>Los diarios ingleses revelaron el jueves una revoluci\u00f3n en contra de Louis Van Gaal por parte de los futbolistas del <strong>Manchester United<\/strong>, pues muchos se encuentran molestos por sus m\u00e9todos estrictos y su complicada manera de comportarse. <\/p>\n<p>Uno de los que declar\u00f3 a \u00faltimas horas sobre su relaci\u00f3n con el estratega fue Marcos Rojo, quien no ha debutado esta temporada con el Manchester United y estuvo cerca de abandonar el club en el mercado estival. El mundialista argentino  indic\u00f3 que el t\u00e9cnico &#8220;tiene cara de perro&#8221; aunque luego matiz\u00f3 un poco sus frases. <\/p>\n<p>&#8220;\u00c9l tiene una personalidad fuerte, pero es una gran persona&#8221;, indic\u00f3. <strong>&#8220;Tiene cara de perro. Al principio te asusta por su personalidad fuerte, pero despu\u00e9s es buena persona, si le haces caso&#8221;<\/strong>, complet\u00f3 Rojo para <em>Fox Sports<\/em>. <\/p>\n<p>Tras unos minutos en la charla, tambi\u00e9n expres\u00f3 algunas de las bondades de Van Gaal. &#8220;Es una gran persona, te entiende, te escucha. Habla un poco de espa\u00f1ol, as\u00ed que a menudo me lleva a su oficina para tener una charla&#8221;, revel\u00f3. <\/p>\n<p>Cuando le preguntaron si Van Gaal tiene preferencia por los jugadores europeos sobre los jugadores sudamericanos, Rojo contest\u00f3: &#8220;Tal vez eso sea lo que la gente percibe desde fuera, pero he estado ah\u00ed, con Falcao, Valencia, \u00c1ngel, \u00e9l trataba a todos por igual. No tiene preferencia por los europeos&#8221;, concluy\u00f3 el argentino sobre Van Gaal. <\/p>\n","protected":false},"excerpt":{"rendered":"<p>Ahora compararon al entrenador con un perro por su semblante molesto <\/p>\n","protected":false},"author":20,"featured_media":310802,"comment_status":"open","ping_status":"open","sticky":false,"template":"","format":"standard","meta":[],"categories":[3839,3846],"tags":[780,4519],"_links":{"self":[{"href":"http:\/\/desarrollo.grupomedios.com\/futbol\/wp-json\/wp\/v2\/posts\/310801"}],"collection":[{"href":"http:\/\/desarrollo.grupomedios.com\/futbol\/wp-json\/wp\/v2\/posts"}],"about":[{"href":"http:\/\/desarrollo.grupomedios.com\/futbol\/wp-json\/wp\/v2\/types\/post"}],"author":[{"embeddable":true,"href":"http:\/\/desarrollo.grupomedios.com\/futbol\/wp-json\/wp\/v2\/users\/20"}],"replies":[{"embeddable":true,"href":"http:\/\/desarrollo.grupomedios.com\/futbol\/wp-json\/wp\/v2\/comments?post=310801"}],"version-history":[{"count":0,"href":"http:\/\/desarrollo.grupomedios.com\/futbol\/wp-json\/wp\/v2\/posts\/310801\/revisions"}],"wp:featuredmedia":[{"embeddable":true,"href":"http:\/\/desarrollo.grupomedios.com\/futbol\/wp-json\/wp\/v2\/media\/310802"}],"wp:attachment":[{"href":"http:\/\/desarrollo.grupomedios.com\/futbol\/wp-json\/wp\/v2\/media?parent=310801"}],"wp:term":[{"taxonomy":"category","embeddable":true,"href":"http:\/\/desarrollo.grupomedios.com\/futbol\/wp-json\/wp\/v2\/categories?post=310801"},{"taxonomy":"post_tag","embeddable":true,"href":"http:\/\/desarrollo.grupomedios.com\/futbol\/wp-json\/wp\/v2\/tags?post=310801"}],"curies":[{"name":"wp","href":"https:\/\/api.w.org\/{rel}","templated":true}]}}