{"id":310903,"date":"2015-09-11T15:54:04","date_gmt":"2015-09-11T20:54:04","guid":{"rendered":"http:\/\/futboltotal.com.mx\/?p=310903"},"modified":"2015-09-11T15:54:04","modified_gmt":"2015-09-11T20:54:04","slug":"thibaut-courtois-fuera-cuatro-meses","status":"publish","type":"post","link":"http:\/\/desarrollo.grupomedios.com\/futbol\/futbol-internacional\/thibaut-courtois-fuera-cuatro-meses\/2015\/09","title":{"rendered":"Thibaut Courtois, fuera cuatro meses"},"content":{"rendered":"<p>El t\u00e9cnico del <strong>Chelsea<\/strong>, el portugu\u00e9s Jos\u00e9 Mourinho, confirm\u00f3 la baja del portero belga <strong>Thibaut Courtois<\/strong> por <strong>cuatro meses<\/strong>, luego de ser operado de la rodilla, producto de una lesi\u00f3n que sufri\u00f3 durante un entrenamiento.<\/p>\n<p>En conferencia de prensa, Jos\u00e9 Mourinho resalt\u00f3 la virtudes del guardameta bosnio Asmir Begovic, quien suplir\u00e1 a <strong>Thibaut Courtois<\/strong> y dijo que el club ingl\u00e9s tiene oportunidad de ganar el partido frente al Everton, este s\u00e1bado en el estadio Goodison Park.<\/p>\n<p>Adem\u00e1s de <strong>Thibaut Courtois<\/strong>, el <strong>Chelsea<\/strong> jugar\u00e1 sin el brasile\u00f1o \u00d3scar, quien podr\u00eda estar de vuelta el pr\u00f3ximo mi\u00e9rcoles para el encuentro de <strong>Champions League<\/strong>, contra el cuadro Maccabi Tel Aviv.<\/p>\n","protected":false},"excerpt":{"rendered":"<p>El portero del Chelsea tras ser operado de la rodilla<\/p>\n","protected":false},"author":20,"featured_media":310907,"comment_status":"open","ping_status":"open","sticky":false,"template":"","format":"standard","meta":[],"categories":[3839,3846],"tags":[5981,6069],"_links":{"self":[{"href":"http:\/\/desarrollo.grupomedios.com\/futbol\/wp-json\/wp\/v2\/posts\/310903"}],"collection":[{"href":"http:\/\/desarrollo.grupomedios.com\/futbol\/wp-json\/wp\/v2\/posts"}],"about":[{"href":"http:\/\/desarrollo.grupomedios.com\/futbol\/wp-json\/wp\/v2\/types\/post"}],"author":[{"embeddable":true,"href":"http:\/\/desarrollo.grupomedios.com\/futbol\/wp-json\/wp\/v2\/users\/20"}],"replies":[{"embeddable":true,"href":"http:\/\/desarrollo.grupomedios.com\/futbol\/wp-json\/wp\/v2\/comments?post=310903"}],"version-history":[{"count":0,"href":"http:\/\/desarrollo.grupomedios.com\/futbol\/wp-json\/wp\/v2\/posts\/310903\/revisions"}],"wp:featuredmedia":[{"embeddable":true,"href":"http:\/\/desarrollo.grupomedios.com\/futbol\/wp-json\/wp\/v2\/media\/310907"}],"wp:attachment":[{"href":"http:\/\/desarrollo.grupomedios.com\/futbol\/wp-json\/wp\/v2\/media?parent=310903"}],"wp:term":[{"taxonomy":"category","embeddable":true,"href":"http:\/\/desarrollo.grupomedios.com\/futbol\/wp-json\/wp\/v2\/categories?post=310903"},{"taxonomy":"post_tag","embeddable":true,"href":"http:\/\/desarrollo.grupomedios.com\/futbol\/wp-json\/wp\/v2\/tags?post=310903"}],"curies":[{"name":"wp","href":"https:\/\/api.w.org\/{rel}","templated":true}]}}