{"id":310910,"date":"2015-09-11T16:10:36","date_gmt":"2015-09-11T21:10:36","guid":{"rendered":"http:\/\/futboltotal.com.mx\/?p=310910"},"modified":"2015-09-11T16:11:04","modified_gmt":"2015-09-11T21:11:04","slug":"diego-reyes-elogiado-por-su-tecnico-en-real-sociedad","status":"publish","type":"post","link":"http:\/\/desarrollo.grupomedios.com\/futbol\/futbol-internacional\/diego-reyes-elogiado-por-su-tecnico-en-real-sociedad\/2015\/09","title":{"rendered":"Diego Reyes, elogiado por su t\u00e9cnico en Real Sociedad"},"content":{"rendered":"<p>El defensa mexicano <strong>Diego Reyes<\/strong> fue elogiado en conferencia de prensa por su entrenador, el escoc\u00e9s <strong>David Moyes<\/strong>, luego de su trabajo esta semana tanto con la <strong>Selecci\u00f3n Mexicana<\/strong> tanto como con la <strong>Real Sociedad<\/strong>, su club.<\/p>\n<p>&#8220;Para Reyes, es la primera vez que debe jugar un partido importante despu\u00e9s de viajar con la Selecci\u00f3n Mexicana, pero se ha hecho un buen trabajo defensivo,&#8221; indic\u00f3 el ext\u00e9cnico de <strong>Manchester United<\/strong> sobre Diego Reyes en su conferencia de prensa.<\/p>\n<p>La Real Sociedad contar\u00e1 tanto con Reyes como con su compatriota, <strong>Carlos Vela<\/strong>, para estar en el partido del siguiente fin de semana, ante la Real Betis en Sevilla. El equipo de Moyes ha arrancado la temporada con la valla perfecta, no han permitido gol en 180 minutos, pero tampoco han podido anotar un s\u00f3lo gol, empatando ambos partidos a cero.<\/p>\n<p>Diego Reyes, junto a I\u00f1igo Mart\u00ednez e Iv\u00e1n de la Bella, ha jugado los dos partidos de la Real Sociedad en defensa, convirti\u00e9ndose en apuesta de seguridad para Moyes y el equipo espa\u00f1ol en el inicio de la actual temporada. <\/p>\n<p>Mientras tanto, Carlos Vela, la principal pieza ofensiva de Real Sociedad, tambi\u00e9n ha jugado ambos partidos, pero padeciendo todav\u00eda de p\u00f3lvora mojada frente al arco rival, ya que no ha podido marcar en los primeros encuentros de la campa\u00f1a.<\/p>\n<p>[video_player]https:\/\/player.vimeo.com\/external\/138927197.hd.mp4?s=b17811702084fae19204e461677e6d16&#038;profile_id=113[\/video_player]<\/p>\n","protected":false},"excerpt":{"rendered":"<p>El defensa mexicano estuvo concentrado con el Tri<\/p>\n","protected":false},"author":20,"featured_media":304628,"comment_status":"open","ping_status":"open","sticky":false,"template":"","format":"standard","meta":[],"categories":[3839,5951],"tags":[4037,6006,102],"_links":{"self":[{"href":"http:\/\/desarrollo.grupomedios.com\/futbol\/wp-json\/wp\/v2\/posts\/310910"}],"collection":[{"href":"http:\/\/desarrollo.grupomedios.com\/futbol\/wp-json\/wp\/v2\/posts"}],"about":[{"href":"http:\/\/desarrollo.grupomedios.com\/futbol\/wp-json\/wp\/v2\/types\/post"}],"author":[{"embeddable":true,"href":"http:\/\/desarrollo.grupomedios.com\/futbol\/wp-json\/wp\/v2\/users\/20"}],"replies":[{"embeddable":true,"href":"http:\/\/desarrollo.grupomedios.com\/futbol\/wp-json\/wp\/v2\/comments?post=310910"}],"version-history":[{"count":0,"href":"http:\/\/desarrollo.grupomedios.com\/futbol\/wp-json\/wp\/v2\/posts\/310910\/revisions"}],"wp:featuredmedia":[{"embeddable":true,"href":"http:\/\/desarrollo.grupomedios.com\/futbol\/wp-json\/wp\/v2\/media\/304628"}],"wp:attachment":[{"href":"http:\/\/desarrollo.grupomedios.com\/futbol\/wp-json\/wp\/v2\/media?parent=310910"}],"wp:term":[{"taxonomy":"category","embeddable":true,"href":"http:\/\/desarrollo.grupomedios.com\/futbol\/wp-json\/wp\/v2\/categories?post=310910"},{"taxonomy":"post_tag","embeddable":true,"href":"http:\/\/desarrollo.grupomedios.com\/futbol\/wp-json\/wp\/v2\/tags?post=310910"}],"curies":[{"name":"wp","href":"https:\/\/api.w.org\/{rel}","templated":true}]}}