{"id":311114,"date":"2015-09-12T08:49:13","date_gmt":"2015-09-12T13:49:13","guid":{"rendered":"http:\/\/futboltotal.com.mx\/?p=311114"},"modified":"2015-09-12T09:17:13","modified_gmt":"2015-09-12T14:17:13","slug":"van-gaal-echa-la-culpa-al-real-madrid-del-no-traspaso-por-de-gea","status":"publish","type":"post","link":"http:\/\/desarrollo.grupomedios.com\/futbol\/futbol-internacional\/van-gaal-echa-la-culpa-al-real-madrid-del-no-traspaso-por-de-gea\/2015\/09","title":{"rendered":"&#8220;Real Madrid no quer\u00eda a De Gea&#8221;: Van Gaal"},"content":{"rendered":"<p><strong>Louis van Gaal<\/strong> asegur\u00f3 este s\u00e1bado que est\u00e1 muy contento por la renovaci\u00f3n del portero espa\u00f1ol David de Gea con el Manchester United y no descart\u00f3 que pueda jugar este s\u00e1bado contra el Liverpool. En rueda de prensa, el t\u00e9cnico holand\u00e9s se congratul\u00f3 por que el guardameta vaya a ser &#8220;parte del equipo durante muchos a\u00f1os&#8221;.<\/p>\n<p>&#8220;David hizo una importante contribuci\u00f3n a nuestro rendimiento la pasada temporada y ha sido el mejor jugador del a\u00f1o del club en las dos \u00faltimas temporadas&#8221;, record\u00f3 Van Gaal, olvidando un poco la turbulenta relaci\u00f3n del arranque de la temporada. <\/p>\n<p>Bastante cuestionado por la situaci\u00f3n de David de Gea y el fichaje frustrado con el Real Madrid, el timonel indic\u00f3 que contaba con la esperanza de que se mantuviera en la instituci\u00f3n. <\/p>\n<p>&#8220;Es una confirmaci\u00f3n de lo que tambi\u00e9n dije de que los traspasos son un proceso. Ten\u00eda esperanza. <strong>Si el Madrid hubiera pagado el precio y hubiera tenido los papeles en orden a tiempo, habr\u00eda sido vendido, porque yo creo que un jugador debe querer jugar para un club<\/strong>&#8220;, declar\u00f3 Van Gaal. <\/p>\n<p><a href=\"http:\/\/futboltotal.com.mx\/2015\/09\/david-de-gea-renovo-contrato-con-manchester-united\/\">David de Gea renov\u00f3 el viernes su contrato<\/a> con los <em>Red Devils<\/em>, en un v\u00ednculo que se finiquit\u00f3 hasta 2019 y con opci\u00f3n a ampliar el acuerdo por otro a\u00f1o. &#8220;Estoy encantado. Fue mi mejor jugador el a\u00f1o pasado y \u00e9ste es un final feliz&#8221;, a\u00f1adi\u00f3 el estratega holand\u00e9s, que inclusive maneja darle minutos a De Gea ante el Liverpool. <\/p>\n<p>&#8220;Ya se ver\u00e1, nunca se sabe. Tendremos que juzgarle en los entrenamientos&#8221; desarroll\u00f3. &#8220;Lo l\u00f3gico es que su cabeza est\u00e9 ahora m\u00e1s clara y se pueda concentrar y centrarse en el partido&#8221;, agreg\u00f3 el timonel. <\/p>\n<p>[video_player]https:\/\/player.vimeo.com\/external\/139012853.sd.mp4?s=be1e3d23eecd121502b40188f9200777&amp;profile_id=112[\/video_player]<\/p>\n","protected":false},"excerpt":{"rendered":"<p>El estratega holand\u00e9s revel\u00f3 algunas de las razones por las que no fue vendido <\/p>\n","protected":false},"author":20,"featured_media":311115,"comment_status":"open","ping_status":"open","sticky":false,"template":"","format":"standard","meta":[],"categories":[3839,3846],"tags":[6072,780,43],"_links":{"self":[{"href":"http:\/\/desarrollo.grupomedios.com\/futbol\/wp-json\/wp\/v2\/posts\/311114"}],"collection":[{"href":"http:\/\/desarrollo.grupomedios.com\/futbol\/wp-json\/wp\/v2\/posts"}],"about":[{"href":"http:\/\/desarrollo.grupomedios.com\/futbol\/wp-json\/wp\/v2\/types\/post"}],"author":[{"embeddable":true,"href":"http:\/\/desarrollo.grupomedios.com\/futbol\/wp-json\/wp\/v2\/users\/20"}],"replies":[{"embeddable":true,"href":"http:\/\/desarrollo.grupomedios.com\/futbol\/wp-json\/wp\/v2\/comments?post=311114"}],"version-history":[{"count":0,"href":"http:\/\/desarrollo.grupomedios.com\/futbol\/wp-json\/wp\/v2\/posts\/311114\/revisions"}],"wp:featuredmedia":[{"embeddable":true,"href":"http:\/\/desarrollo.grupomedios.com\/futbol\/wp-json\/wp\/v2\/media\/311115"}],"wp:attachment":[{"href":"http:\/\/desarrollo.grupomedios.com\/futbol\/wp-json\/wp\/v2\/media?parent=311114"}],"wp:term":[{"taxonomy":"category","embeddable":true,"href":"http:\/\/desarrollo.grupomedios.com\/futbol\/wp-json\/wp\/v2\/categories?post=311114"},{"taxonomy":"post_tag","embeddable":true,"href":"http:\/\/desarrollo.grupomedios.com\/futbol\/wp-json\/wp\/v2\/tags?post=311114"}],"curies":[{"name":"wp","href":"https:\/\/api.w.org\/{rel}","templated":true}]}}