{"id":311199,"date":"2015-09-12T13:36:25","date_gmt":"2015-09-12T18:36:25","guid":{"rendered":"http:\/\/futboltotal.com.mx\/?p=311199"},"modified":"2015-09-12T13:43:05","modified_gmt":"2015-09-12T18:43:05","slug":"fantastica-chilena-de-benteke-en-el-regreso-de-david-de-gea","status":"publish","type":"post","link":"http:\/\/desarrollo.grupomedios.com\/futbol\/videos\/fantastica-chilena-de-benteke-en-el-regreso-de-david-de-gea\/2015\/09","title":{"rendered":"Excelsa chilena de Benteke en regreso de David De Gea"},"content":{"rendered":"<p>Liverpool sufri\u00f3 durante 83 minutos la figura heroica de <strong>David De Gea<\/strong>, que regres\u00f3 a Old Trafford y fue vitoreado por la fanaticada local. Una clase magistral del espa\u00f1ol por debajo de los tres palos solo pod\u00eda ser vencida por una maravilla. <strong>Christian Benteke fue el autor de la obra de arte<\/strong>, con un rebote en el coraz\u00f3n del \u00e1rea del Manchester United al que no dud\u00f3 en enviar de manera fort\u00edsima entre las redes, con una <strong>fant\u00e1stica chilena<\/strong>.<\/p>\n<p><a href=\"http:\/\/futboltotal.com.mx\/wp-content\/uploads\/2015\/09\/Vine_by_.gif\"><img decoding=\"async\" loading=\"lazy\" class=\"alignnone size-full wp-image-311202\" src=\"http:\/\/futboltotal.com.mx\/wp-content\/uploads\/2015\/09\/Vine_by_.gif\" alt=\"Vine_by_\" \/><\/a><\/p>\n<p>Solo as\u00ed pudo ser vencido David de Gea, que <a href=\"http:\/\/futboltotal.com.mx\/2015\/09\/david-de-gea-renovo-contrato-con-manchester-united\/\">regres\u00f3 a la titularidad luego de renovar el viernes su contrato con los <em>Red Devils<\/em> <\/a>y, en gran medida, por las fallas cometidas por Sergio Romero en su partido ante el Swansea, situaci\u00f3n que oblig\u00f3 a Louis Van Gaal a optar por el portero espa\u00f1ol, a quien elogi\u00f3 tras su acuerdo finiquitado con el club luego un sinf\u00edn de inconvenientes.<\/p>\n<p>\u201cDavid hizo una importante contribuci\u00f3n a nuestro rendimiento la pasada temporada y ha sido el mejor jugador del a\u00f1o del club en las dos \u00faltimas temporadas\u201d, record\u00f3 Van Gaal antes del partido ante el Liverpool, a\u00fan sin adelantar su titularidad. Lo dicho por el estratega lo ratific\u00f3 De Gea con una actuaci\u00f3n para seguir como \u00eddolo en Manchester.<\/p>\n<p><a href=\"http:\/\/futboltotal.com.mx\/wp-content\/uploads\/2015\/09\/Thank-you.jpg\"><img decoding=\"async\" loading=\"lazy\" class=\"alignnone wp-image-311206 size-full\" src=\"http:\/\/futboltotal.com.mx\/wp-content\/uploads\/2015\/09\/Thank-you-e1442082850719.jpg\" alt=\"Excelsa chilena de Benteke en regreso de David De Gea 1\" \/><\/a><\/p>\n<p>&nbsp;<\/p>\n","protected":false},"excerpt":{"rendered":"<p>Solo con su obra de arte pudieron vencer al renovado espa\u00f1ol <\/p>\n","protected":false},"author":20,"featured_media":311214,"comment_status":"open","ping_status":"open","sticky":false,"template":"","format":"standard","meta":[],"categories":[3846,4],"tags":[5322,6072],"_links":{"self":[{"href":"http:\/\/desarrollo.grupomedios.com\/futbol\/wp-json\/wp\/v2\/posts\/311199"}],"collection":[{"href":"http:\/\/desarrollo.grupomedios.com\/futbol\/wp-json\/wp\/v2\/posts"}],"about":[{"href":"http:\/\/desarrollo.grupomedios.com\/futbol\/wp-json\/wp\/v2\/types\/post"}],"author":[{"embeddable":true,"href":"http:\/\/desarrollo.grupomedios.com\/futbol\/wp-json\/wp\/v2\/users\/20"}],"replies":[{"embeddable":true,"href":"http:\/\/desarrollo.grupomedios.com\/futbol\/wp-json\/wp\/v2\/comments?post=311199"}],"version-history":[{"count":0,"href":"http:\/\/desarrollo.grupomedios.com\/futbol\/wp-json\/wp\/v2\/posts\/311199\/revisions"}],"wp:featuredmedia":[{"embeddable":true,"href":"http:\/\/desarrollo.grupomedios.com\/futbol\/wp-json\/wp\/v2\/media\/311214"}],"wp:attachment":[{"href":"http:\/\/desarrollo.grupomedios.com\/futbol\/wp-json\/wp\/v2\/media?parent=311199"}],"wp:term":[{"taxonomy":"category","embeddable":true,"href":"http:\/\/desarrollo.grupomedios.com\/futbol\/wp-json\/wp\/v2\/categories?post=311199"},{"taxonomy":"post_tag","embeddable":true,"href":"http:\/\/desarrollo.grupomedios.com\/futbol\/wp-json\/wp\/v2\/tags?post=311199"}],"curies":[{"name":"wp","href":"https:\/\/api.w.org\/{rel}","templated":true}]}}