{"id":311625,"date":"2015-09-13T08:19:48","date_gmt":"2015-09-13T13:19:48","guid":{"rendered":"http:\/\/futboltotal.com.mx\/?p=311625"},"modified":"2015-09-13T08:19:48","modified_gmt":"2015-09-13T13:19:48","slug":"floyd-mayweather-se-lleva-victoria-ante-andre-berto","status":"publish","type":"post","link":"http:\/\/desarrollo.grupomedios.com\/futbol\/no-todo-es-futbol\/floyd-mayweather-se-lleva-victoria-ante-andre-berto\/2015\/09","title":{"rendered":"Floyd Mayweather se lleva victoria ante Andre Berto"},"content":{"rendered":"<p>En la que presumiblemente fue la pelea del adi\u00f3s, <strong>Floyd Mayweather<\/strong> lo hizo de nuevo, gan\u00f3 y mantuvo el invicto. El norteamericano derrot\u00f3 por decisi\u00f3n un\u00e1nime a Andre Berto para alargar a 49 triunfos su r\u00e9cord perfecto, con el que seg\u00fan \u00e9l, se despide del deporte que practic\u00f3 de manera profesional por casi 20 a\u00f1os.<\/p>\n<p>Los jueces vieron ganar a Mayweather por 117-111, 118-110 y 120-108, ante alguna rechifla de la gente que quiz\u00e1 deseaba otra cosa o marcadores menos amplios, pero en la noche del s\u00e1bado se vio a un Floyd m\u00e1s agresivo, con ganas de dejara atr\u00e1s cualquier tipo de dudad y buscando en varias ocasiones el KO. <\/p>\n<p>&#8220;Vine por la victoria y as\u00ed fue&#8221;, se\u00f1al\u00f3. &#8220;Quiero agradecer a los aficionados todo su apoyo. Por 19 a\u00f1os he tenido a los mejores aficionados y lleg\u00f3 el momento de agradecer e irme a hacer otras cosas&#8221;abund\u00f3.<\/p>\n<p>Sabedor de que puede ser la \u00faltima, Mayweather se detuvo a intercambiar golpes en el \u00faltimo asalto, despu\u00e9s bail\u00f3 un poco alzando su brazo y al final se hinc\u00f3 para agradecer hacia el cielo por una carrera, que para muchos no fue la m\u00e1s vistosa o explosiva, pero qcon la que le alcanz\u00f3 para ganar cinco campeonatos mundiales en diferentes divisiones y m\u00e1s dinero del que ning\u00fan otro deportista hubiera imaginado.<\/p>\n<p>Berto fue un rival m\u00e1s digno, complicado y agresivo de lo que la gran mayor\u00eda pens\u00f3 que ser\u00eda este s\u00e1bado frente a 13,395 personas que asistieron al MGM Grand Arena de las Vegas para la que se supone fue la despedida de los encordados de Mayweather (49-0, 26 KO\u2019s).<\/p>\n<p>&#8220;Andre Berto tuvo tremendo coraz\u00f3n y fue un gran rival&#8221;, mencion\u00f3 Mayweather. &#8220;Berto fue un competidor duro, con experiencia. Es un boxeador bien atl\u00e9tico. Muchos lo subestimaron&#8221;.<\/p>\n<p>Muchos dudan con que la del s\u00e1bado 12 de septiembre haya significado su \u00faltima disputa en los encordados, habr\u00e1 que esperar si sorprende con la pelea n\u00famero 50, sobe todo, si existe una gran suma de dinero sobre la mesa. <\/p>\n","protected":false},"excerpt":{"rendered":"<p>En la batalla de su adi\u00f3s se llev\u00f3 el triunfo en 12 rounds; 49-0 es su foja como profesional<\/p>\n","protected":false},"author":20,"featured_media":311626,"comment_status":"open","ping_status":"open","sticky":false,"template":"","format":"standard","meta":[],"categories":[5418],"tags":[5935,5518],"_links":{"self":[{"href":"http:\/\/desarrollo.grupomedios.com\/futbol\/wp-json\/wp\/v2\/posts\/311625"}],"collection":[{"href":"http:\/\/desarrollo.grupomedios.com\/futbol\/wp-json\/wp\/v2\/posts"}],"about":[{"href":"http:\/\/desarrollo.grupomedios.com\/futbol\/wp-json\/wp\/v2\/types\/post"}],"author":[{"embeddable":true,"href":"http:\/\/desarrollo.grupomedios.com\/futbol\/wp-json\/wp\/v2\/users\/20"}],"replies":[{"embeddable":true,"href":"http:\/\/desarrollo.grupomedios.com\/futbol\/wp-json\/wp\/v2\/comments?post=311625"}],"version-history":[{"count":0,"href":"http:\/\/desarrollo.grupomedios.com\/futbol\/wp-json\/wp\/v2\/posts\/311625\/revisions"}],"wp:featuredmedia":[{"embeddable":true,"href":"http:\/\/desarrollo.grupomedios.com\/futbol\/wp-json\/wp\/v2\/media\/311626"}],"wp:attachment":[{"href":"http:\/\/desarrollo.grupomedios.com\/futbol\/wp-json\/wp\/v2\/media?parent=311625"}],"wp:term":[{"taxonomy":"category","embeddable":true,"href":"http:\/\/desarrollo.grupomedios.com\/futbol\/wp-json\/wp\/v2\/categories?post=311625"},{"taxonomy":"post_tag","embeddable":true,"href":"http:\/\/desarrollo.grupomedios.com\/futbol\/wp-json\/wp\/v2\/tags?post=311625"}],"curies":[{"name":"wp","href":"https:\/\/api.w.org\/{rel}","templated":true}]}}