{"id":311966,"date":"2015-09-13T22:27:30","date_gmt":"2015-09-14T03:27:30","guid":{"rendered":"http:\/\/futboltotal.com.mx\/?p=311966"},"modified":"2015-09-13T22:31:59","modified_gmt":"2015-09-14T03:31:59","slug":"dorados-deja-respirar-a-chivas-en-la-porcentual","status":"publish","type":"post","link":"http:\/\/desarrollo.grupomedios.com\/futbol\/futbol-mexicano\/dorados-deja-respirar-a-chivas-en-la-porcentual\/2015\/09","title":{"rendered":"Dorados deja respirar a Chivas en la porcentual"},"content":{"rendered":"<p>Tras finalizar la <strong>jornada 8<\/strong> del <strong>Apertura 2015<\/strong>, los cocientes se modificaron una vez m\u00e1s, donde <strong><a href=\"http:\/\/futboltotal.com.mx\/equipos\/guadalajara\/\" target=\"_blank\">Chivas<\/a><\/strong>, pese a caer en Tijuana, no ocupa el \u00faltimo lugar de la tabla porcentual.<\/p>\n<p>En la lucha por no descender, <a href=\"http:\/\/futboltotal.com.mx\/equipos\/morelia\/\" target=\"_blank\"><strong>Morelia<\/strong> <\/a>y <strong><a href=\"http:\/\/futboltotal.com.mx\/equipos\/dorados-de-sinaloa\/\" target=\"_blank\">Dorados<\/a><\/strong> intercambiaron posici\u00f3n y dejaron a <strong>Chivas<\/strong> en el mismo lugar en el que se encontraba el<em> Reba\u00f1o<\/em> antes del receso por la <a href=\"http:\/\/futboltotal.com.mx\/2015\/09\/fecha-fifa-salvacion-de-unos-calvario-de-otros\/\" target=\"_blank\">Fecha FIFA<\/a>.<\/p>\n<p>En la jornada 8, la mayor\u00eda de los equipos con problemas porcentuales perdieron su correspondiente partido, excepto <strong>Morelia<\/strong>, que gan\u00f3 frente a Quer\u00e9taro en la Corregidora por 1-0.<\/p>\n<p><strong>Chivas<\/strong> cay\u00f3 por 2-1 ante Xolos en el estadio Caliente, y amaneci\u00f3 el s\u00e1bado 12 de septiembre en el \u00faltimo lugar de la tabla de cocientes; sin embargo, por la noche, al caer <strong>Dorados<\/strong> ante Atlas, por marcador de tres a dos, el <em>Gran Pez<\/em> desplaz\u00f3 al <em>Reba\u00f1o<\/em> del s\u00f3tano.<\/p>\n<p>Mientras tanto, los otros dos cuadros que est\u00e1n relativamente separados del risco del descenso, <a href=\"http:\/\/futboltotal.com.mx\/equipos\/veracruz\/\" target=\"_blank\"><strong>Veracruz<\/strong> <\/a>y <strong><a href=\"http:\/\/futboltotal.com.mx\/equipos\/puebla\/\" target=\"_blank\">Puebla<\/a><\/strong>, tambi\u00e9n dejaron ir puntos.<\/p>\n<p>Los<em> Tiburones<\/em> fueron exhibidos por Pumas en Ciudad Universitaria, por lo que dejaron a un lado la posibilidad de incomodar al ahora l\u00edder general y meterlo en problemas porcentuales.<\/p>\n<p>Por otro lado <strong>Puebla<\/strong>, no pudo mantener el invicto en casa y perdi\u00f3 contra Santos con un solitario gol que la Franja meti\u00f3 en propia red.<\/p>\n<p>Adem\u00e1s, tras la goleada que Pumas le propin\u00f3 a Veracruz, los de la UNAM, que estaba en la posici\u00f3n 13 de cocientes hasta la jornada 7, treparon un escal\u00f3n y dejaron en ese puesto a los <em>Tuzos<\/em> de Pachuca.<\/p>\n<p>As\u00ed qued\u00f3 la tabla porcentual tras disputarse la <strong>jornada 8<\/strong> del <strong>Apertura 2015<\/strong>.<\/p>\n<p><a href=\"http:\/\/futboltotal.com.mx\/wp-content\/uploads\/2015\/09\/tabla-porcentual-liga-mx-jornada-8.jpg\"><img decoding=\"async\" loading=\"lazy\" class=\"aligncenter wp-image-311970 size-full\" src=\"http:\/\/futboltotal.com.mx\/wp-content\/uploads\/2015\/09\/tabla-porcentual-liga-mx-jornada-8.jpg\" alt=\"tabla-porcentual-liga-mx-jornada-8\" srcset=\"http:\/\/desarrollo.grupomedios.com\/futbol\/wp-content\/uploads\/2015\/09\/tabla-porcentual-liga-mx-jornada-8.jpg 690w, http:\/\/desarrollo.grupomedios.com\/futbol\/wp-content\/uploads\/2015\/09\/tabla-porcentual-liga-mx-jornada-8-300x132.jpg 300w\" sizes=\"(max-width: 690px) 100vw, 690px\" \/><\/a><\/p>\n","protected":false},"excerpt":{"rendered":"<p>Morelia y Dorados intercambiaron lugar tras la jornada 8<\/p>\n","protected":false},"author":20,"featured_media":311579,"comment_status":"open","ping_status":"open","sticky":false,"template":"","format":"standard","meta":[],"categories":[2198,3845,5950],"tags":[70,2098,759],"_links":{"self":[{"href":"http:\/\/desarrollo.grupomedios.com\/futbol\/wp-json\/wp\/v2\/posts\/311966"}],"collection":[{"href":"http:\/\/desarrollo.grupomedios.com\/futbol\/wp-json\/wp\/v2\/posts"}],"about":[{"href":"http:\/\/desarrollo.grupomedios.com\/futbol\/wp-json\/wp\/v2\/types\/post"}],"author":[{"embeddable":true,"href":"http:\/\/desarrollo.grupomedios.com\/futbol\/wp-json\/wp\/v2\/users\/20"}],"replies":[{"embeddable":true,"href":"http:\/\/desarrollo.grupomedios.com\/futbol\/wp-json\/wp\/v2\/comments?post=311966"}],"version-history":[{"count":0,"href":"http:\/\/desarrollo.grupomedios.com\/futbol\/wp-json\/wp\/v2\/posts\/311966\/revisions"}],"wp:featuredmedia":[{"embeddable":true,"href":"http:\/\/desarrollo.grupomedios.com\/futbol\/wp-json\/wp\/v2\/media\/311579"}],"wp:attachment":[{"href":"http:\/\/desarrollo.grupomedios.com\/futbol\/wp-json\/wp\/v2\/media?parent=311966"}],"wp:term":[{"taxonomy":"category","embeddable":true,"href":"http:\/\/desarrollo.grupomedios.com\/futbol\/wp-json\/wp\/v2\/categories?post=311966"},{"taxonomy":"post_tag","embeddable":true,"href":"http:\/\/desarrollo.grupomedios.com\/futbol\/wp-json\/wp\/v2\/tags?post=311966"}],"curies":[{"name":"wp","href":"https:\/\/api.w.org\/{rel}","templated":true}]}}