{"id":311990,"date":"2015-09-14T10:45:20","date_gmt":"2015-09-14T15:45:20","guid":{"rendered":"http:\/\/futboltotal.com.mx\/?p=311990"},"modified":"2015-09-14T10:45:20","modified_gmt":"2015-09-14T15:45:20","slug":"rooney-se-pierde-inicio-de-la-champions","status":"publish","type":"post","link":"http:\/\/desarrollo.grupomedios.com\/futbol\/futbol-internacional\/rooney-se-pierde-inicio-de-la-champions\/2015\/09","title":{"rendered":"Rooney se pierde inicio de la Champions"},"content":{"rendered":"<p>El <strong>Manchester United<\/strong> llegar\u00e1 a la jornada inaugural de <strong>Champions League<\/strong> sin el delantero ingl\u00e9s<strong> Wayne Rooney<\/strong>, quien se qued\u00f3 fuera de la convocatoria del t\u00e9cnico Louis van Gaal para efrentar al <strong>PSV<\/strong>, donde militan el mexicano <strong>Andr\u00e9s Guardado <\/strong>y<strong> H\u00e9ctor Moreno<\/strong>.<\/p>\n<p>&#8220;Rooney sigue lesionado y debemos de cuidarlo. Es un jugador muy importante para nosotros y no quiero correr ning\u00fan riesgo. No creo que juegue contra el PSV Eindhoven, aunque pienso que estar\u00e1 listo para la visita ante el Southampton&#8221;, dijo el entrenador.<\/p>\n<p>A falta de Rooney, Van Gaal contempla a James Wilson y por supuesto perfila de arranque a Anthony Martial, el chico que tuvo un debut de ensue\u00f1o el pasado fin de semana aen la victoria 3-1 ante Liverpool y en l acual no particip\u00f3 Rooney debido a que padece una lesi\u00f3n en la pierna derecha.<\/p>\n<p>Este cotejo qued\u00f3 marcado en la agenda del PSV como uno de los m\u00e1s importantes que sostendr\u00e1 en el Grupo B, debido a que el United es uno de los clubes con la mejor plantilla, por encima del CSKA Mosc\u00fa y el Wolfsburgo, los otros dos rivales del sector. En Eindhoven el reto de frenar al Manchester United no ser\u00e1 nada sencillo para Andr\u00e9s Guardado y H\u00e9ctor Moreno, convocados para el partido de este martes.<\/p>\n","protected":false},"excerpt":{"rendered":"<p>El Manchester United se queda sin el artillero ingl\u00e9s para enfrentar al PSV<\/p>\n","protected":false},"author":20,"featured_media":312000,"comment_status":"open","ping_status":"open","sticky":false,"template":"","format":"standard","meta":[],"categories":[3841,3839,5951],"tags":[43,6051],"_links":{"self":[{"href":"http:\/\/desarrollo.grupomedios.com\/futbol\/wp-json\/wp\/v2\/posts\/311990"}],"collection":[{"href":"http:\/\/desarrollo.grupomedios.com\/futbol\/wp-json\/wp\/v2\/posts"}],"about":[{"href":"http:\/\/desarrollo.grupomedios.com\/futbol\/wp-json\/wp\/v2\/types\/post"}],"author":[{"embeddable":true,"href":"http:\/\/desarrollo.grupomedios.com\/futbol\/wp-json\/wp\/v2\/users\/20"}],"replies":[{"embeddable":true,"href":"http:\/\/desarrollo.grupomedios.com\/futbol\/wp-json\/wp\/v2\/comments?post=311990"}],"version-history":[{"count":0,"href":"http:\/\/desarrollo.grupomedios.com\/futbol\/wp-json\/wp\/v2\/posts\/311990\/revisions"}],"wp:featuredmedia":[{"embeddable":true,"href":"http:\/\/desarrollo.grupomedios.com\/futbol\/wp-json\/wp\/v2\/media\/312000"}],"wp:attachment":[{"href":"http:\/\/desarrollo.grupomedios.com\/futbol\/wp-json\/wp\/v2\/media?parent=311990"}],"wp:term":[{"taxonomy":"category","embeddable":true,"href":"http:\/\/desarrollo.grupomedios.com\/futbol\/wp-json\/wp\/v2\/categories?post=311990"},{"taxonomy":"post_tag","embeddable":true,"href":"http:\/\/desarrollo.grupomedios.com\/futbol\/wp-json\/wp\/v2\/tags?post=311990"}],"curies":[{"name":"wp","href":"https:\/\/api.w.org\/{rel}","templated":true}]}}