{"id":312063,"date":"2015-09-14T16:09:57","date_gmt":"2015-09-14T21:09:57","guid":{"rendered":"http:\/\/futboltotal.com.mx\/?p=312063"},"modified":"2015-09-14T17:30:35","modified_gmt":"2015-09-14T22:30:35","slug":"5-cosas-que-mataron-al-chepo-en-chivas","status":"publish","type":"post","link":"http:\/\/desarrollo.grupomedios.com\/futbol\/futbol-mexicano\/5-cosas-que-mataron-al-chepo-en-chivas\/2015\/09","title":{"rendered":"5 cosas que mataron al Chepo en Chivas"},"content":{"rendered":"<p><strong>Jos\u00e9 Manuel de la Torre<\/strong> fue <a href=\"http:\/\/futboltotal.com.mx\/2015\/09\/oficial-chepo-de-la-torre-sale-de-chivas\/\" target=\"_blank\">cesado este lunes<\/a> de su cargo como director t\u00e9cnico de las\u00a0<strong><a href=\"http:\/\/futboltotal.com.mx\/equipos\/guadalajara\/\" target=\"_blank\">Chivas del Guadalajara<\/a><\/strong>, luego de los malos resultados con el <em>Reba\u00f1o<\/em>, que tienen al equipo en el pen\u00faltimo lugar de la tabla porcentual.<\/p>\n<p>Pero los malos resultados del <em>Chepo<\/em><strong>\u00a0de la Torre<\/strong> con las <strong>Chivas<\/strong> se deben a una serie de fallas que tanto el estratega como la directiva del Guadalajara cometieron antes y durante el <strong>Apertura 2015<\/strong>.<\/p>\n<p>Por esa raz\u00f3n, presentamos las 5 cosas que <em>mataron<\/em> la estad\u00eda del <em>Chepo<\/em> en <strong>Chivas<\/strong>.<\/p>\n<p><strong><span style=\"color: #ff0000;\">1. Pocos refuerzos<\/span> |<\/strong> Las <strong>Chivas<\/strong> solo trajeron a cuatro futbolistas para reforzar la plantilla de cara al Apertura 2015; todos ellos j\u00f3venes, lo que representaba poca experiencia de apoyo para la lucha que tiene el conjunto por permanecer en la <a href=\"http:\/\/futboltotal.com.mx\/futbol-mexicano\/\" target=\"_blank\">Liga MX<\/a>.<\/p>\n<p>De\u00a0los cuatro jugadores que llegaron al <em>Reba\u00f1o<\/em>,\u00a0Michel V\u00e1zquez ha tenido un desempe\u00f1o\u00a0regular, y aunque Rodolfo Cota ha hecho lo propio en Copa MX, no se le ha dado la oportunidad en liga. En tanto,\u00a0Edwin Hern\u00e1ndez ha tenido una actuaci\u00f3n discreta y Osvaldo Alan\u00eds ha pasado m\u00e1s tiempo lesionado o con el <em>Tri<\/em>.<\/p>\n<p>En este punto, la responsabilidad no solo es del <em>Chepo<\/em> de la Torre, tambi\u00e9n\u00a0de su hermano N\u00e9stor, presidente de\u00a0las <strong>Chivas<\/strong>,\u00a0por no planificar fichajes de mayor importancia.<\/p>\n<p><strong><span style=\"color: #ff0000;\">2. Las lesiones<\/span> |<\/strong> Desde el inicio del <strong>Apertura 2015<\/strong>, <em>Chepo<\/em> padeci\u00f3 de un equipo propenso a visitar el hospital, pues Carlos Salcedo, Ra\u00fal L\u00f3pez, Oswaldo Alan\u00eds, Isaac Brizuela, \u00c1ngel Reyna, Marco Fabi\u00e1n, Carlos Salcido y Miguel Ponce limitaron las opciones del estratega desde la pretemporada hasta antes de la pasada Fecha FIFA.<\/p>\n<p><strong><span style=\"color: #ff0000;\">3. Salida de futbolistas<\/span> |<\/strong> <strong>Chivas<\/strong> y <em>Chepo<\/em> dejaron ir a 10\u00a0futbolistas, situaci\u00f3n que posiblemente benefici\u00f3 al equipo econ\u00f3micamente, pero no as\u00ed en el plano deportivo. De los jugadores que dejaron al club, la mayor\u00eda ni siquiera era titular, por lo que no representaba mayor problema para los <em>rojiblancos<\/em>, hasta que llegaron las lesiones.<\/p>\n<p>Pero adem\u00e1s, el <em>Reba\u00f1o<\/em> tuvo tres bajas sensibles: Luis Michel representaba seguridad en el marco, mientras que\u00a0Aldo de Nigris y\u00a0Erick Torres eran alternativas de gol, que inclusive, le dieron anotaciones de oro al Guadalajara, en sus situaciones cr\u00edticas.<\/p>\n<p><strong><span style=\"color: #ff0000;\">4. Escasas variantes<\/span> |<\/strong> <strong>Jos\u00e9 Manuel de la Torre<\/strong> no ten\u00eda muchas variantes en su esquema, pues tras las lesiones, no cambi\u00f3 el parado del equipo, a fin de que los futbolistas se acomodaran; pero tampoco lo hizo en situaciones en las que el equipo necesitaba generar opciones de gol al estar adverso en el marcador.\u00a0Esa misma tendencia a no cambiar su esquema margin\u00f3 al <em>Chepo<\/em> del <em>Tri<\/em> en 2013.<\/p>\n<p><strong><span style=\"color: #ff0000;\">5. Cero\u00a0paciencia<\/span>\u00a0|<\/strong> El due\u00f1o de las <strong>Chivas<\/strong>, <strong>Jorge Vergara<\/strong>,\u00a0se ha caracterizado por tener <a href=\"http:\/\/futboltotal.com.mx\/2015\/09\/chivas-suma-22-tecnicos-en-la-era-jorge-vergara\/\" target=\"_blank\">poca paciencia con los estrategas que contrata<\/a>, y el <em>Chepo<\/em> de la Torre no fue la excepci\u00f3n, pues apenas jug\u00f3 una jornada con equipo completo tras recuperar a sus \u00faltimos lesionados. Al parecer, preferir\u00e1 experimentar con un <a href=\"http:\/\/futboltotal.com.mx\/2015\/09\/almeyda-tuvo-reunion-con-directivos-de-chivas\/\">estratega que solo ha triunfado en la segunda divisi\u00f3n de Argentina<\/a>.<\/p>\n<p><em>Cracks<\/em>, \u00bfest\u00e1n de acuerdo con las causas por las que <strong>Jos\u00e9 Manuel de la Torre<\/strong> fall\u00f3 en su proyecto?<\/p>\n<p>[video_player]https:\/\/player.vimeo.com\/external\/139260745.sd.mp4?s=555c926e33f8d43da3997a71818291c6&amp;profile_id=112[\/video_player]<\/p>\n","protected":false},"excerpt":{"rendered":"<p>Jos\u00e9 Manuel de la Torre fue cesado del banquillo rojiblanco<\/p>\n","protected":false},"author":20,"featured_media":312099,"comment_status":"open","ping_status":"open","sticky":false,"template":"","format":"standard","meta":[],"categories":[2198,3845,5950],"tags":[70,741,64],"_links":{"self":[{"href":"http:\/\/desarrollo.grupomedios.com\/futbol\/wp-json\/wp\/v2\/posts\/312063"}],"collection":[{"href":"http:\/\/desarrollo.grupomedios.com\/futbol\/wp-json\/wp\/v2\/posts"}],"about":[{"href":"http:\/\/desarrollo.grupomedios.com\/futbol\/wp-json\/wp\/v2\/types\/post"}],"author":[{"embeddable":true,"href":"http:\/\/desarrollo.grupomedios.com\/futbol\/wp-json\/wp\/v2\/users\/20"}],"replies":[{"embeddable":true,"href":"http:\/\/desarrollo.grupomedios.com\/futbol\/wp-json\/wp\/v2\/comments?post=312063"}],"version-history":[{"count":0,"href":"http:\/\/desarrollo.grupomedios.com\/futbol\/wp-json\/wp\/v2\/posts\/312063\/revisions"}],"wp:featuredmedia":[{"embeddable":true,"href":"http:\/\/desarrollo.grupomedios.com\/futbol\/wp-json\/wp\/v2\/media\/312099"}],"wp:attachment":[{"href":"http:\/\/desarrollo.grupomedios.com\/futbol\/wp-json\/wp\/v2\/media?parent=312063"}],"wp:term":[{"taxonomy":"category","embeddable":true,"href":"http:\/\/desarrollo.grupomedios.com\/futbol\/wp-json\/wp\/v2\/categories?post=312063"},{"taxonomy":"post_tag","embeddable":true,"href":"http:\/\/desarrollo.grupomedios.com\/futbol\/wp-json\/wp\/v2\/tags?post=312063"}],"curies":[{"name":"wp","href":"https:\/\/api.w.org\/{rel}","templated":true}]}}