{"id":312083,"date":"2015-09-14T15:55:46","date_gmt":"2015-09-14T20:55:46","guid":{"rendered":"http:\/\/futboltotal.com.mx\/?p=312083"},"modified":"2015-09-14T15:57:23","modified_gmt":"2015-09-14T20:57:23","slug":"chivas-suma-22-tecnicos-en-la-era-jorge-vergara","status":"publish","type":"post","link":"http:\/\/desarrollo.grupomedios.com\/futbol\/futbol-mexicano\/chivas-suma-22-tecnicos-en-la-era-jorge-vergara\/2015\/09","title":{"rendered":"Chivas suma 22 t\u00e9cnicos en la era Vergara"},"content":{"rendered":"<p>El Apertura 2015 acaricia la mitad de su vida, mientras unos equipos gozan de los placeres de la cima, otros como <strong>Chivas<\/strong> solo acumulan la presi\u00f3n del descenso, situaci\u00f3n que <a href=\"http:\/\/futboltotal.com.mx\/2015\/09\/oficial-chepo-de-la-torre-sale-de-chivas\/\" target=\"_blank\">le cost\u00f3 el cargo a <strong>Jos\u00e9 Manuel de la Torre<\/strong><\/a>. De esta forma, el due\u00f1o del <em>Reba\u00f1o Sagrado<\/em>,<strong> Jorge Vergara<\/strong>, aument\u00f3 el desfile a 22 entrenadores que pasaron por el club en los \u00faltimos 13 a\u00f1os.<\/p>\n<p>En octubre de 2002 el empresario adquiri\u00f3 la mayor\u00eda de las acciones del Guadalajara, con la promesa de convertir al equipo en uno de talla mundial; lejos estuvo esto de cumplirse e incluso result\u00f3 todo lo contrario, porque el conjunto <em>rojiblanco<\/em> pelea por segundo a\u00f1o consecutivo la permanencia en el m\u00e1ximo circuito.<\/p>\n<p>La irregularidad y poca paciencia es lo que caracteriza a <strong>Chivas<\/strong> desde que lleg\u00f3 <strong>Vergara<\/strong>, pues con el despido de <strong><em>Chepo<\/em> de la Torre<\/strong>, la suma asciende a 22 timoneles que pasaron por el cuadro tapat\u00edo.<\/p>\n<p>De 2002 a la fecha, 18 entrenadores pasaron por el <em>Reba\u00f1o<\/em>, solo cuatro de ellos tuvieron una segunda etapa, dicha estad\u00edstica provoc\u00f3 que el club apretara el paso y se colocara <a href=\"http:\/\/futboltotal.com.mx\/2015\/09\/que-equipo-ocupa-mas-dts-en-la-liga-mx\/\" target=\"_blank\">como el tercer equipo en utilizar m\u00e1s DTs<\/a> desde que se implementaron los torneos cortos.<\/p>\n<p>Arriba de <strong>Chivas<\/strong> solo se encuentran Am\u00e9rica con 30 t\u00e9cnicos en los 39 torneos y en la punta est\u00e1 Puebla que ech\u00f3 mano de 34 estrategas en 35 certamenes.<\/p>\n<p>De momento, <a href=\"http:\/\/futboltotal.com.mx\/2015\/09\/almeyda-tuvo-reunion-con-directivos-de-chivas\/\" target=\"_blank\">Mat\u00edas Almeyda se perfila para ocupar el cargo<\/a> del Guadalajara, \u00bfser\u00e1 que el argentino logre darle la regularidad al club?<\/p>\n<p>[video_player]https:\/\/player.vimeo.com\/external\/139260745.sd.mp4?s=555c926e33f8d43da3997a71818291c6&amp;profile_id=112[\/video_player]<\/p>\n","protected":false},"excerpt":{"rendered":"<p>El Reba\u00f1o Sagrado es el tercer club que m\u00e1s DTs ha usado en torneos cortos<\/p>\n","protected":false},"author":20,"featured_media":312088,"comment_status":"open","ping_status":"open","sticky":false,"template":"","format":"standard","meta":[],"categories":[2198,3845,5950],"tags":[70,243,741],"_links":{"self":[{"href":"http:\/\/desarrollo.grupomedios.com\/futbol\/wp-json\/wp\/v2\/posts\/312083"}],"collection":[{"href":"http:\/\/desarrollo.grupomedios.com\/futbol\/wp-json\/wp\/v2\/posts"}],"about":[{"href":"http:\/\/desarrollo.grupomedios.com\/futbol\/wp-json\/wp\/v2\/types\/post"}],"author":[{"embeddable":true,"href":"http:\/\/desarrollo.grupomedios.com\/futbol\/wp-json\/wp\/v2\/users\/20"}],"replies":[{"embeddable":true,"href":"http:\/\/desarrollo.grupomedios.com\/futbol\/wp-json\/wp\/v2\/comments?post=312083"}],"version-history":[{"count":0,"href":"http:\/\/desarrollo.grupomedios.com\/futbol\/wp-json\/wp\/v2\/posts\/312083\/revisions"}],"wp:featuredmedia":[{"embeddable":true,"href":"http:\/\/desarrollo.grupomedios.com\/futbol\/wp-json\/wp\/v2\/media\/312088"}],"wp:attachment":[{"href":"http:\/\/desarrollo.grupomedios.com\/futbol\/wp-json\/wp\/v2\/media?parent=312083"}],"wp:term":[{"taxonomy":"category","embeddable":true,"href":"http:\/\/desarrollo.grupomedios.com\/futbol\/wp-json\/wp\/v2\/categories?post=312083"},{"taxonomy":"post_tag","embeddable":true,"href":"http:\/\/desarrollo.grupomedios.com\/futbol\/wp-json\/wp\/v2\/tags?post=312083"}],"curies":[{"name":"wp","href":"https:\/\/api.w.org\/{rel}","templated":true}]}}