{"id":312281,"date":"2015-09-15T11:59:36","date_gmt":"2015-09-15T16:59:36","guid":{"rendered":"http:\/\/futboltotal.com.mx\/?p=312281"},"modified":"2015-09-15T12:21:31","modified_gmt":"2015-09-15T17:21:31","slug":"pulido-sigue-en-plan-conquistador","status":"publish","type":"post","link":"http:\/\/desarrollo.grupomedios.com\/futbol\/cambio-de-juego\/pulido-sigue-en-plan-conquistador\/2015\/09","title":{"rendered":"Pulido sigue en plan conquistador"},"content":{"rendered":"<p>Mientras la directiva y el cuerpo t\u00e9cnico del Olympiacos valoran si debutar o no a Alan Pulido el pr\u00f3ximo fin de semana en Liga, el mexicano, que no fue convocado para enfrentar al Bayern M\u00fanich en Champions, no pierde la calma y est\u00e1 m\u00e1s que feliz en su estad\u00eda por Grecia.<\/p>\n<p>Nada menos que un d\u00eda antes del inicio de la Fase de Grupos para el conjunto hel\u00e9nico, Pulido ha dado muestra de ello en redes sociales, tras aparecer con pose del mism\u00edsimo Eros, dios griego del amor, en una foto publicada en Instagram por su \u00faltima conquista Gabriela Ram\u00edrez. El mexicano no ha dudado en darle <em>repost <\/em>y compartirla con todos aquellos que siguen su paso por territorio\u00a0griego.<\/p>\n<blockquote class=\"instagram-media\" style=\"background: #FFF; border: 0; border-radius: 3px; box-shadow: 0 0 1px 0 rgba(0,0,0,0.5),0 1px 10px 0 rgba(0,0,0,0.15); margin: 1px; max-width: 658px; padding: 0; width: calc(100% - 2px);\" data-instgrm-captioned=\"\" data-instgrm-version=\"4\">\n<div style=\"padding: 8px;\">\n<div style=\"background: #F8F8F8; line-height: 0; margin-top: 40px; padding: 50.0% 0; text-align: center; width: 100%;\"><\/div>\n<p style=\"margin: 8px 0 0 0; padding: 0 4px;\"><a style=\"color: #000; font-family: Arial,sans-serif; font-size: 14px; font-style: normal; font-weight: normal; line-height: 17px; text-decoration: none; word-wrap: break-word;\" href=\"https:\/\/instagram.com\/p\/7p4iamSJSY\/\" target=\"_top\">??<\/a><\/p>\n<p style=\"color: #c9c8cd; font-family: Arial,sans-serif; font-size: 14px; line-height: 17px; margin-bottom: 0; margin-top: 8px; overflow: hidden; padding: 8px 0 7px; text-align: center; text-overflow: ellipsis; white-space: nowrap;\">Una foto publicada por PuLiDo 1\u20e37\u20e3 (@alan_pulido17) el <time style=\"font-family: Arial,sans-serif; font-size: 14px; line-height: 17px;\" datetime=\"2015-09-15T14:22:10+00:00\">15 de Sep de 2015 a la(s) 7:22 PDT<\/time><\/p>\n<\/div>\n<\/blockquote>\n<p><script src=\"\/\/platform.instagram.com\/en_US\/embeds.js\" async=\"\" defer=\"defer\"><\/script><\/p>\n","protected":false},"excerpt":{"rendered":"<p>El mexicano sigue una grata traves\u00eda en Europa a la espera de su debut oficial con Olympiacos<\/p>\n","protected":false},"author":20,"featured_media":312299,"comment_status":"open","ping_status":"open","sticky":false,"template":"","format":"standard","meta":[],"categories":[5419],"tags":[1607,6091],"_links":{"self":[{"href":"http:\/\/desarrollo.grupomedios.com\/futbol\/wp-json\/wp\/v2\/posts\/312281"}],"collection":[{"href":"http:\/\/desarrollo.grupomedios.com\/futbol\/wp-json\/wp\/v2\/posts"}],"about":[{"href":"http:\/\/desarrollo.grupomedios.com\/futbol\/wp-json\/wp\/v2\/types\/post"}],"author":[{"embeddable":true,"href":"http:\/\/desarrollo.grupomedios.com\/futbol\/wp-json\/wp\/v2\/users\/20"}],"replies":[{"embeddable":true,"href":"http:\/\/desarrollo.grupomedios.com\/futbol\/wp-json\/wp\/v2\/comments?post=312281"}],"version-history":[{"count":0,"href":"http:\/\/desarrollo.grupomedios.com\/futbol\/wp-json\/wp\/v2\/posts\/312281\/revisions"}],"wp:featuredmedia":[{"embeddable":true,"href":"http:\/\/desarrollo.grupomedios.com\/futbol\/wp-json\/wp\/v2\/media\/312299"}],"wp:attachment":[{"href":"http:\/\/desarrollo.grupomedios.com\/futbol\/wp-json\/wp\/v2\/media?parent=312281"}],"wp:term":[{"taxonomy":"category","embeddable":true,"href":"http:\/\/desarrollo.grupomedios.com\/futbol\/wp-json\/wp\/v2\/categories?post=312281"},{"taxonomy":"post_tag","embeddable":true,"href":"http:\/\/desarrollo.grupomedios.com\/futbol\/wp-json\/wp\/v2\/tags?post=312281"}],"curies":[{"name":"wp","href":"https:\/\/api.w.org\/{rel}","templated":true}]}}