{"id":312714,"date":"2015-09-16T07:28:23","date_gmt":"2015-09-16T12:28:23","guid":{"rendered":"http:\/\/futboltotal.com.mx\/?p=312714"},"modified":"2015-09-16T10:03:50","modified_gmt":"2015-09-16T15:03:50","slug":"louis-van-gaal-critico-a-hector-moreno","status":"publish","type":"post","link":"http:\/\/desarrollo.grupomedios.com\/futbol\/destacado-home\/louis-van-gaal-critico-a-hector-moreno\/2015\/09","title":{"rendered":"Louis Van Gaal critic\u00f3 a H\u00e9ctor Moreno"},"content":{"rendered":"<p>Antes luchaban por un mismo objetivo, de eso tiene m\u00e1s de un lustro. Ahora, <strong>Louis Van Gaal<\/strong> dej\u00f3 saber su opini\u00f3n con respecto a <strong>H\u00e9ctor Moreno<\/strong>, futbolista a quien entren\u00f3 durante su etapa con el AZ Alkmaaar. El holand\u00e9s, directo como siempre, critic\u00f3 al defensa mexicano por la entrada que provoc\u00f3 la lesi\u00f3n de tibia y peron\u00e9 de Luke Shaw.<\/p>\n<p><strong>&#8220;Si digo que era penal y tarjeta roja, todos dir\u00e1n que soy un mal perdedor, pero fue una entrada horrible, con las dos piernas<\/strong>. Tuvo que ser llevado al vestidor (Shaw) con una m\u00e1scara de ox\u00edgeno mientras lloraba&#8221;, dijo el estratega en conferencia despu\u00e9s del partido donde su escuadra cay\u00f3 1-2 con PSV Eindhoven.<\/p>\n<p>Corr\u00eda el minuto 14 del encuentro entre PSV y Manchester United, cuando Luke Shaw entr\u00f3 al \u00e1rea del equipo local, con una oportunidad de inaugurar el marcador. H\u00e9ctor Moreno se lanz\u00f3 con todo en busca del bal\u00f3n y su barrida envi\u00f3 el bal\u00f3n a tiro de esquina, pero de manera lamentable, la fuerza que imprimi\u00f3 el mexicano en su acci\u00f3n, oblig\u00f3 el ingreso del cuerpo m\u00e9dico.<\/p>\n<p>&#8220;\u00c9l (Shaw) viajar\u00e1 de regreso a Manchester con nosotros ma\u00f1ana, pero puede ser que se quede aqu\u00ed (Eindhoven) un d\u00eda m\u00e1s. Tiene una doble fractura, por lo que est\u00e1 en el hospital. Espero que pueda volver a jugar en esta temporada&#8221;, se\u00f1al\u00f3 Van Gaal.<\/p>\n<p>Pero no todo fueron cr\u00edticas al 3 del PSV. Philip Cocu defendi\u00f3 a su futbolista al se\u00f1alar que la entrada &#8220;no fue con mala intenci\u00f3n&#8221;, indic\u00f3 en principio. &#8220;Para H\u00e9ctor (Moreno) es muy dif\u00edcil. La intenci\u00f3n nunca es lastimar a un rival, y cuando escuchas que es una lesi\u00f3n grave no es f\u00e1cil asimilarlo. <a href=\"http:\/\/futboltotal.com.mx\/2015\/09\/hector-moreno-hablo-tras-la-fractura-ocasionada-a-shaw\/\">Cuando cualquier jugador se lesiona de esta manera es muy triste para todos<\/a>, incluso para nuestros jugadores&#8221;, mencion\u00f3 el estratega.<\/p>\n<p>H\u00e9ctor Moreno fue protagonista del juego no solo por el incidente con Shaw, tambi\u00e9n, <a href=\"http:\/\/futboltotal.com.mx\/2015\/09\/hector-moreno-encumbra-remontada-del-psv\/\">marc\u00f3 el gol de la igualada<\/a>, su primero en Champions League.<\/p>\n<p>[video_player]https:\/\/player.vimeo.com\/external\/139339296.hd.mp4?s=0e55052717f760d40bf4c37a9ba13b8d&amp;profile_id=113[\/video_player]<\/p>\n","protected":false},"excerpt":{"rendered":"<p>&#8220;Fue una entrada horrible. Tuvo que ser llevado al vestidor con una m\u00e1scara de ox\u00edgeno&#8221;, remat\u00f3 <\/p>\n","protected":false},"author":20,"featured_media":312719,"comment_status":"open","ping_status":"open","sticky":false,"template":"","format":"standard","meta":[],"categories":[3841,5],"tags":[5987,780],"_links":{"self":[{"href":"http:\/\/desarrollo.grupomedios.com\/futbol\/wp-json\/wp\/v2\/posts\/312714"}],"collection":[{"href":"http:\/\/desarrollo.grupomedios.com\/futbol\/wp-json\/wp\/v2\/posts"}],"about":[{"href":"http:\/\/desarrollo.grupomedios.com\/futbol\/wp-json\/wp\/v2\/types\/post"}],"author":[{"embeddable":true,"href":"http:\/\/desarrollo.grupomedios.com\/futbol\/wp-json\/wp\/v2\/users\/20"}],"replies":[{"embeddable":true,"href":"http:\/\/desarrollo.grupomedios.com\/futbol\/wp-json\/wp\/v2\/comments?post=312714"}],"version-history":[{"count":0,"href":"http:\/\/desarrollo.grupomedios.com\/futbol\/wp-json\/wp\/v2\/posts\/312714\/revisions"}],"wp:featuredmedia":[{"embeddable":true,"href":"http:\/\/desarrollo.grupomedios.com\/futbol\/wp-json\/wp\/v2\/media\/312719"}],"wp:attachment":[{"href":"http:\/\/desarrollo.grupomedios.com\/futbol\/wp-json\/wp\/v2\/media?parent=312714"}],"wp:term":[{"taxonomy":"category","embeddable":true,"href":"http:\/\/desarrollo.grupomedios.com\/futbol\/wp-json\/wp\/v2\/categories?post=312714"},{"taxonomy":"post_tag","embeddable":true,"href":"http:\/\/desarrollo.grupomedios.com\/futbol\/wp-json\/wp\/v2\/tags?post=312714"}],"curies":[{"name":"wp","href":"https:\/\/api.w.org\/{rel}","templated":true}]}}