{"id":313308,"date":"2015-09-17T16:33:18","date_gmt":"2015-09-17T21:33:18","guid":{"rendered":"http:\/\/futboltotal.com.mx\/?p=313308"},"modified":"2015-09-17T17:06:12","modified_gmt":"2015-09-17T22:06:12","slug":"el-regreso-de-jurgen-klopp-podria-adelantarse","status":"publish","type":"post","link":"http:\/\/desarrollo.grupomedios.com\/futbol\/futbol-internacional\/el-regreso-de-jurgen-klopp-podria-adelantarse\/2015\/09","title":{"rendered":"El regreso de Jurgen Klopp podr\u00eda adelantarse"},"content":{"rendered":"<p>Pese a que no tiene intenciones de volver a dirigir hasta la siguiente temporada, el regreso del entrenador alem\u00e1n\u00a0<strong>Jurgen Klopp<\/strong> podr\u00eda adelantarse.<\/p>\n<p>Seg\u00fan trasciende, el ex\u00a0t\u00e9cnico del\u00a0Borussia Dortmund\u00a0es el candidato n\u00famero uno para tomar las riendas del <strong>Bayern Munich<\/strong> o de la <strong>selecci\u00f3n de Holanda<\/strong> en caso de que alguna de las entidades rompa relaci\u00f3n con el t\u00e9cnico que actualmente las dirige.<\/p>\n<p>Sobre el caso del cuadro <em>b\u00e1varo<\/em>, medios alemanes apuntan que Josep Guardiola dif\u00edcilmente renovar\u00e1 el contrato con el <strong>Bayern Munich<\/strong>, el cual vence en el verano del 2016; incluso advierten que el entrenador espa\u00f1ol podr\u00eda dejar la vacante antes de que termine el campeonato.<\/p>\n<p>Ante ambos panoramas, se asegura que <strong>Jurgen Klopp<\/strong>, que estuvo cerca de conseguir la UEFA Champions League 2013 (la final la perdi\u00f3 con el Bayern) con el Borussia Dortmund, ser\u00eda el encargado de tomar las riendas del vigente campe\u00f3n de la Bundesliga.<\/p>\n<p>En torno a <strong>Holanda<\/strong>, selecci\u00f3n que pasa por una mal momento futbol\u00edstico (por ahora eliminada de la EURO 2016), se dice que los dirigentes de la <em>Naranja Mec\u00e1nica<\/em> habr\u00edan condicionado la continuidad de Danny Blind con la clasificaci\u00f3n al torneo continental.<\/p>\n<p>De darse el fracaso, reportes indican que <strong>Jurgen Klopp<\/strong>, uno de los entrenadores m\u00e1s exitosos de los \u00faltimos a\u00f1os, llegar\u00eda al tim\u00f3n del combinado holand\u00e9s con el firme objetivo de clasificar al Mundial de Rusia 2018.<\/p>\n<p><strong>VIDEO: Agenda de TV, Jornada 9<\/strong><\/p>\n<p>[video_player]https:\/\/player.vimeo.com\/external\/139417577.hd.mp4?s=86e2b7e1f0dea9966353aeb45ad7aa61&#038;profile_id=113[\/video_player]<\/p>\n","protected":false},"excerpt":{"rendered":"<p>Es candidato para ser DT del Bayern Munich o de Holanda<\/p>\n","protected":false},"author":20,"featured_media":281825,"comment_status":"open","ping_status":"open","sticky":false,"template":"","format":"standard","meta":[],"categories":[3839],"tags":[2056,6024,2863],"_links":{"self":[{"href":"http:\/\/desarrollo.grupomedios.com\/futbol\/wp-json\/wp\/v2\/posts\/313308"}],"collection":[{"href":"http:\/\/desarrollo.grupomedios.com\/futbol\/wp-json\/wp\/v2\/posts"}],"about":[{"href":"http:\/\/desarrollo.grupomedios.com\/futbol\/wp-json\/wp\/v2\/types\/post"}],"author":[{"embeddable":true,"href":"http:\/\/desarrollo.grupomedios.com\/futbol\/wp-json\/wp\/v2\/users\/20"}],"replies":[{"embeddable":true,"href":"http:\/\/desarrollo.grupomedios.com\/futbol\/wp-json\/wp\/v2\/comments?post=313308"}],"version-history":[{"count":0,"href":"http:\/\/desarrollo.grupomedios.com\/futbol\/wp-json\/wp\/v2\/posts\/313308\/revisions"}],"wp:featuredmedia":[{"embeddable":true,"href":"http:\/\/desarrollo.grupomedios.com\/futbol\/wp-json\/wp\/v2\/media\/281825"}],"wp:attachment":[{"href":"http:\/\/desarrollo.grupomedios.com\/futbol\/wp-json\/wp\/v2\/media?parent=313308"}],"wp:term":[{"taxonomy":"category","embeddable":true,"href":"http:\/\/desarrollo.grupomedios.com\/futbol\/wp-json\/wp\/v2\/categories?post=313308"},{"taxonomy":"post_tag","embeddable":true,"href":"http:\/\/desarrollo.grupomedios.com\/futbol\/wp-json\/wp\/v2\/tags?post=313308"}],"curies":[{"name":"wp","href":"https:\/\/api.w.org\/{rel}","templated":true}]}}