{"id":313429,"date":"2015-09-17T17:11:21","date_gmt":"2015-09-17T22:11:21","guid":{"rendered":"http:\/\/futboltotal.com.mx\/?p=313429"},"modified":"2015-09-17T17:40:30","modified_gmt":"2015-09-17T22:40:30","slug":"los-10-tecnicos-del-futuro-2","status":"publish","type":"post","link":"http:\/\/desarrollo.grupomedios.com\/futbol\/videos\/los-10-tecnicos-del-futuro-2\/2015\/09","title":{"rendered":"Los 10 t\u00e9cnicos del futuro"},"content":{"rendered":"<p>[video_player]http:\/\/player.vimeo.com\/external\/121196848.sd.mp4?s=41e8c638f8175859c28c1ffd6de179d3[\/video_player]<\/p>\n<p>Cuando un jugador decide colgar lo botines, es com\u00fan que se contin\u00fae ligado al futbol, ya sea como directivo o como\u00a0t\u00e9cnico. Tal situaci\u00f3n se present\u00f3 con <strong>Juan Francisco Palencia<\/strong>, quien tras ser dirigente de las Chivas decidi\u00f3 iniciar <a href=\"http:\/\/futboltotal.com.mx\/2015\/09\/paco-palencia-dirige-equipo-en-espana\/\" target=\"_blank\">una nueva etapa como entrenador<\/a>, pues actualmente\u00a0dirige en Espa\u00f1a.<\/p>\n<p>Por eso,\u00a0te presentamos a 10 elementos que ya tienen el t\u00edtulo para dirigir un equipo de la <strong>Liga MX<\/strong>.\u00bfA qui\u00e9n te gustar\u00eda para tu equipo, <em>crack<\/em>?<\/p>\n","protected":false},"excerpt":{"rendered":"<p>\u00bfQui\u00e9n debutar\u00e1 primero en el futbol de M\u00e9xico?<\/p>\n","protected":false},"author":20,"featured_media":313430,"comment_status":"open","ping_status":"open","sticky":false,"template":"","format":"standard","meta":[],"categories":[2198,3845,4],"tags":[1449,64],"_links":{"self":[{"href":"http:\/\/desarrollo.grupomedios.com\/futbol\/wp-json\/wp\/v2\/posts\/313429"}],"collection":[{"href":"http:\/\/desarrollo.grupomedios.com\/futbol\/wp-json\/wp\/v2\/posts"}],"about":[{"href":"http:\/\/desarrollo.grupomedios.com\/futbol\/wp-json\/wp\/v2\/types\/post"}],"author":[{"embeddable":true,"href":"http:\/\/desarrollo.grupomedios.com\/futbol\/wp-json\/wp\/v2\/users\/20"}],"replies":[{"embeddable":true,"href":"http:\/\/desarrollo.grupomedios.com\/futbol\/wp-json\/wp\/v2\/comments?post=313429"}],"version-history":[{"count":0,"href":"http:\/\/desarrollo.grupomedios.com\/futbol\/wp-json\/wp\/v2\/posts\/313429\/revisions"}],"wp:featuredmedia":[{"embeddable":true,"href":"http:\/\/desarrollo.grupomedios.com\/futbol\/wp-json\/wp\/v2\/media\/313430"}],"wp:attachment":[{"href":"http:\/\/desarrollo.grupomedios.com\/futbol\/wp-json\/wp\/v2\/media?parent=313429"}],"wp:term":[{"taxonomy":"category","embeddable":true,"href":"http:\/\/desarrollo.grupomedios.com\/futbol\/wp-json\/wp\/v2\/categories?post=313429"},{"taxonomy":"post_tag","embeddable":true,"href":"http:\/\/desarrollo.grupomedios.com\/futbol\/wp-json\/wp\/v2\/tags?post=313429"}],"curies":[{"name":"wp","href":"https:\/\/api.w.org\/{rel}","templated":true}]}}