{"id":313501,"date":"2015-09-18T09:01:18","date_gmt":"2015-09-18T14:01:18","guid":{"rendered":"http:\/\/futboltotal.com.mx\/?p=313501"},"modified":"2015-09-18T09:03:36","modified_gmt":"2015-09-18T14:03:36","slug":"adolfo-rios-cerca-de-llegar-a-chivas-como-director-deportivo","status":"publish","type":"post","link":"http:\/\/desarrollo.grupomedios.com\/futbol\/futbol-mexicano\/liga-mx\/adolfo-rios-cerca-de-llegar-a-chivas-como-director-deportivo\/2015\/09","title":{"rendered":"Adolfo R\u00edos, cerca de llegar a Chivas"},"content":{"rendered":"<p><strong>Chivas<\/strong> sigue buscando quien se ocupe del cargo como director deportivo de la instituci\u00f3n luego de la salida de N\u00e9stor de la Torre. Primero se especul\u00f3 con que el encargado de tomar esa plaza ser\u00eda <strong>Jaime Ordiales<\/strong><strong>, pero a \u00faltimas horas del jueves, <strong>Adolfo R\u00edos<\/strong> tom\u00f3 ventaja y estar\u00eda muy cerca integrarse a la dirigencia del equipo, seg\u00fan reportes de prensa. <\/p>\n<p>La posibilidad de que Jaime Ordiales fuera el reemplazo de N\u00e9stor, se fue desvaneciendo pues no hubiera podido tomar el puesto en Chivas debido a que el reglamento proh\u00edbe que un directivo pase de un equipo a otro en el mismo torneo.<\/p>\n<p>Por ello, Adolfo R\u00edos ser\u00eda el nuevo director deportivo de Chivas. Ser\u00eda su segunda experiencia las altas esferas de un club, pues trabaj\u00f3 como dirigente con Quer\u00e9taro, donde ostent\u00f3 el cargo de presidente deportivo durante dos a\u00f1os, despidi\u00e9ndose en diciembre pasado.<\/p>\n<p>En su etapa como jugador, R\u00edos fue portero de Pumas, del cual es canterano. Posteriormente, fue transferido a Veracruz, de ah\u00ed pas\u00f3 a Necaxa y luego a Am\u00e9rica. Con los de Coapa fue campe\u00f3n y ah\u00ed se retir\u00f3. Adem\u00e1s, visti\u00f3 la camiseta de la Selecci\u00f3n Mexicana y con esta disput\u00f3 dos ediciones de la Copa Am\u00e9rica.<\/p>\n","protected":false},"excerpt":{"rendered":"<p>Medios se\u00f1alan que podr\u00eda ocupar el cargo que dej\u00f3 vacante N\u00e9stor de la Torre <\/p>\n","protected":false},"author":20,"featured_media":313503,"comment_status":"open","ping_status":"open","sticky":false,"template":"","format":"standard","meta":[],"categories":[3845,5950],"tags":[2626,70],"_links":{"self":[{"href":"http:\/\/desarrollo.grupomedios.com\/futbol\/wp-json\/wp\/v2\/posts\/313501"}],"collection":[{"href":"http:\/\/desarrollo.grupomedios.com\/futbol\/wp-json\/wp\/v2\/posts"}],"about":[{"href":"http:\/\/desarrollo.grupomedios.com\/futbol\/wp-json\/wp\/v2\/types\/post"}],"author":[{"embeddable":true,"href":"http:\/\/desarrollo.grupomedios.com\/futbol\/wp-json\/wp\/v2\/users\/20"}],"replies":[{"embeddable":true,"href":"http:\/\/desarrollo.grupomedios.com\/futbol\/wp-json\/wp\/v2\/comments?post=313501"}],"version-history":[{"count":0,"href":"http:\/\/desarrollo.grupomedios.com\/futbol\/wp-json\/wp\/v2\/posts\/313501\/revisions"}],"wp:featuredmedia":[{"embeddable":true,"href":"http:\/\/desarrollo.grupomedios.com\/futbol\/wp-json\/wp\/v2\/media\/313503"}],"wp:attachment":[{"href":"http:\/\/desarrollo.grupomedios.com\/futbol\/wp-json\/wp\/v2\/media?parent=313501"}],"wp:term":[{"taxonomy":"category","embeddable":true,"href":"http:\/\/desarrollo.grupomedios.com\/futbol\/wp-json\/wp\/v2\/categories?post=313501"},{"taxonomy":"post_tag","embeddable":true,"href":"http:\/\/desarrollo.grupomedios.com\/futbol\/wp-json\/wp\/v2\/tags?post=313501"}],"curies":[{"name":"wp","href":"https:\/\/api.w.org\/{rel}","templated":true}]}}