{"id":313581,"date":"2015-09-18T13:51:41","date_gmt":"2015-09-18T18:51:41","guid":{"rendered":"http:\/\/futboltotal.com.mx\/?p=313581"},"modified":"2015-09-18T14:10:29","modified_gmt":"2015-09-18T19:10:29","slug":"oficial-lista-definitiva-del-tri-preolimpico","status":"publish","type":"post","link":"http:\/\/desarrollo.grupomedios.com\/futbol\/destacado-home\/oficial-lista-definitiva-del-tri-preolimpico\/2015\/09","title":{"rendered":"OFICIAL: Lista definitiva del Tri Preol\u00edmpico"},"content":{"rendered":"<p>La Direcci\u00f3n de Selecciones Nacionales dio a conocer la <strong>lista definitiva<\/strong> de los 20 jugadores que representar\u00e1n a <strong>M\u00e9xico<\/strong> en el <strong>Preol\u00edmpico de la CONCACAF<\/strong>, certamen que otorgar\u00e1 dos plazas directas a <strong>R\u00edo de Janeiro 2016<\/strong>\u00a0y que se disputar\u00e1 del 1 al 13 de octubre en los Estados Unidos.<\/p>\n<p>En ese sentido, destaca la presencia de tres jugadores de <strong>Chivas<\/strong>, escuadra que en alg\u00fan momento amag\u00f3 con no ceder a sus elementos.<\/p>\n<p>Lista de convocados de la <strong>Selecci\u00f3n Mexicana Sub-22<\/strong>:<\/p>\n<table>\n<tbody>\n<tr>\n<td width=\"35\"><strong>No<\/strong><\/td>\n<td width=\"249\"><strong>Nombre<\/strong><\/td>\n<td width=\"104\"><strong>Posici\u00f3n<\/strong><\/td>\n<td width=\"136\"><strong>Club<\/strong><\/td>\n<\/tr>\n<tr>\n<td width=\"35\">1<\/td>\n<td width=\"249\">Gibr\u00e1n Lajud<\/td>\n<td width=\"104\">Portero<\/td>\n<td width=\"136\">Tijuana<\/td>\n<\/tr>\n<tr>\n<td width=\"35\">2<\/td>\n<td width=\"249\">Luis C\u00e1rdenas<\/td>\n<td width=\"104\">Portero<\/td>\n<td width=\"136\">Monterrey<\/td>\n<\/tr>\n<tr>\n<td width=\"35\">3<\/td>\n<td width=\"249\">Ra\u00fal Gudi\u00f1o<\/td>\n<td width=\"104\">Portero<\/td>\n<td width=\"136\">FC Porto<\/td>\n<\/tr>\n<tr>\n<td width=\"35\">4<\/td>\n<td width=\"249\">Josecarlos Van Rankin<\/td>\n<td width=\"104\">Defensa<\/td>\n<td width=\"136\">Pumas<\/td>\n<\/tr>\n<tr>\n<td width=\"35\">5<\/td>\n<td width=\"249\">Hedgardo Mar\u00edn<\/td>\n<td width=\"104\">Defensa<\/td>\n<td width=\"136\">Chivas<\/td>\n<\/tr>\n<tr>\n<td width=\"35\">6<\/td>\n<td width=\"249\">Carlos Salcedo<\/td>\n<td width=\"104\">Defensa<\/td>\n<td width=\"136\">Chivas<\/td>\n<\/tr>\n<tr>\n<td width=\"35\">7<\/td>\n<td width=\"249\">Rodolfo Pizarro<\/td>\n<td width=\"104\">Defensa<\/td>\n<td width=\"136\">Pachuca<\/td>\n<\/tr>\n<tr>\n<td width=\"35\">8<\/td>\n<td width=\"249\">V\u00edctor Guzm\u00e1n<\/td>\n<td width=\"104\">Defensa<\/td>\n<td width=\"136\">Pachuca<\/td>\n<\/tr>\n<tr>\n<td width=\"35\">9<\/td>\n<td width=\"249\">Luis Alberto L\u00f3pez<\/td>\n<td width=\"104\">Defensa<\/td>\n<td width=\"136\">Monterrey<\/td>\n<\/tr>\n<tr>\n<td width=\"35\">10<\/td>\n<td width=\"249\">Jordan Jes\u00fas Silva<\/td>\n<td width=\"104\">Defensa<\/td>\n<td width=\"136\">Toluca<\/td>\n<\/tr>\n<tr>\n<td width=\"35\">11<\/td>\n<td width=\"249\">Erick Aguirre<\/td>\n<td width=\"104\">Defensa<\/td>\n<td width=\"136\">Monarcas<\/td>\n<\/tr>\n<tr>\n<td width=\"35\">12<\/td>\n<td width=\"249\">Erick Guti\u00e9rrez<\/td>\n<td width=\"104\">Medio<\/td>\n<td width=\"136\">Pachuca<\/td>\n<\/tr>\n<tr>\n<td width=\"35\">13<\/td>\n<td width=\"249\">Alfonso Gonz\u00e1lez<\/td>\n<td width=\"104\">Medio<\/td>\n<td width=\"136\">Atlas<\/td>\n<\/tr>\n<tr>\n<td width=\"35\">14<\/td>\n<td width=\"249\">Ra\u00fal L\u00f3pez<\/td>\n<td width=\"104\">Medio<\/td>\n<td width=\"136\">Chivas<\/td>\n<\/tr>\n<tr>\n<td width=\"35\">15<\/td>\n<td width=\"249\">Luis Loro\u00f1a<\/td>\n<td width=\"104\">Medio<\/td>\n<td width=\"136\">Jaguares<\/td>\n<\/tr>\n<tr>\n<td width=\"35\">16<\/td>\n<td width=\"249\">Erick Torres<\/td>\n<td width=\"104\">Delantero<\/td>\n<td width=\"136\">Houston Dynamo<\/td>\n<\/tr>\n<tr>\n<td width=\"35\">17<\/td>\n<td width=\"249\">Marco Antonio Bueno<\/td>\n<td width=\"104\">Delantero<\/td>\n<td width=\"136\">Le\u00f3n<\/td>\n<\/tr>\n<tr>\n<td width=\"35\">18<\/td>\n<td width=\"249\">Daniel \u00c1lvarez<\/td>\n<td width=\"104\">Delantero<\/td>\n<td width=\"136\">Atlas<\/td>\n<\/tr>\n<tr>\n<td width=\"35\">19<\/td>\n<td width=\"249\">Hirving Lozano<\/td>\n<td width=\"104\">Delantero<\/td>\n<td width=\"136\">Pachuca<\/td>\n<\/tr>\n<tr>\n<td width=\"35\">20<\/td>\n<td width=\"249\">Alfonso Tamay<\/td>\n<td width=\"104\">Delantero<\/td>\n<td width=\"136\">Puebla<\/td>\n<\/tr>\n<\/tbody>\n<\/table>\n<p>El <em>Tri<\/em> <strong>Preol\u00edmpico<\/strong>, dirigido por <strong>Ra\u00fal Guti\u00e9rrez<\/strong>, es una de las ocho selecciones nacionales de la CONCACAF\u00a0que buscar\u00e1n hacerse de uno de los dos lugares disponibles para disputar los <strong>Juegos Ol\u00edmpicos R\u00edo 2016<\/strong>.<\/p>\n<p><strong>M\u00e9xico<\/strong> est\u00e1 ubicado en el Grupo B, compartiendo sector con Costa Rica, Hait\u00ed y Honduras. Por su parte, el Grupo A lo integran Estados Unidos, Panam\u00e1, Cuba y Canad\u00e1.<\/p>\n<p>El <strong>Preol\u00edmpico de la\u00a0CONCACAF<\/strong> calificar\u00e1 directamente a dos equipos a los <strong>Juegos Ol\u00edmpicos<\/strong>, mientras que el tercer lugar deber\u00e1 jugar un Repechaje con Colombia, subcampe\u00f3n del Campeonato Juvenil Sudamericano.<\/p>\n","protected":false},"excerpt":{"rendered":"<p>Fueron convocados tres jugadores de las Chivas<\/p>\n","protected":false},"author":20,"featured_media":313582,"comment_status":"open","ping_status":"open","sticky":false,"template":"","format":"standard","meta":[],"categories":[5,2198,3847],"tags":[65,5949],"_links":{"self":[{"href":"http:\/\/desarrollo.grupomedios.com\/futbol\/wp-json\/wp\/v2\/posts\/313581"}],"collection":[{"href":"http:\/\/desarrollo.grupomedios.com\/futbol\/wp-json\/wp\/v2\/posts"}],"about":[{"href":"http:\/\/desarrollo.grupomedios.com\/futbol\/wp-json\/wp\/v2\/types\/post"}],"author":[{"embeddable":true,"href":"http:\/\/desarrollo.grupomedios.com\/futbol\/wp-json\/wp\/v2\/users\/20"}],"replies":[{"embeddable":true,"href":"http:\/\/desarrollo.grupomedios.com\/futbol\/wp-json\/wp\/v2\/comments?post=313581"}],"version-history":[{"count":0,"href":"http:\/\/desarrollo.grupomedios.com\/futbol\/wp-json\/wp\/v2\/posts\/313581\/revisions"}],"wp:featuredmedia":[{"embeddable":true,"href":"http:\/\/desarrollo.grupomedios.com\/futbol\/wp-json\/wp\/v2\/media\/313582"}],"wp:attachment":[{"href":"http:\/\/desarrollo.grupomedios.com\/futbol\/wp-json\/wp\/v2\/media?parent=313581"}],"wp:term":[{"taxonomy":"category","embeddable":true,"href":"http:\/\/desarrollo.grupomedios.com\/futbol\/wp-json\/wp\/v2\/categories?post=313581"},{"taxonomy":"post_tag","embeddable":true,"href":"http:\/\/desarrollo.grupomedios.com\/futbol\/wp-json\/wp\/v2\/tags?post=313581"}],"curies":[{"name":"wp","href":"https:\/\/api.w.org\/{rel}","templated":true}]}}