{"id":313594,"date":"2015-09-19T08:00:55","date_gmt":"2015-09-19T13:00:55","guid":{"rendered":"http:\/\/futboltotal.com.mx\/?p=313594"},"modified":"2015-09-18T14:58:01","modified_gmt":"2015-09-18T19:58:01","slug":"los-10-futbolistas-mas-peleoneros-de-la-liga-mx-2","status":"publish","type":"post","link":"http:\/\/desarrollo.grupomedios.com\/futbol\/destacado-home\/los-10-futbolistas-mas-peleoneros-de-la-liga-mx-2\/2015\/09","title":{"rendered":"Los 10 futbolistas m\u00e1s peleoneros de la Liga MX"},"content":{"rendered":"<p>En un d\u00eda como hoy, pero hace 31 a\u00f1os naci\u00f3 en la ciudad de M\u00e9xico <strong>\u00c1ngel Reyna<\/strong>, delantero que se ha caracterizado por sus problemas extra cancha. El \u00faltimo de ellos provoc\u00f3 que lo excluyeran de <strong>Chivas<\/strong>.<\/p>\n<p>Sin embargo, el ariete no es el \u00fanico jugador revoltoso que ha tenido la <strong><a href=\"http:\/\/futboltotal.com.mx\/futbol-mexicano\/\" target=\"_blank\">Liga MX<\/a><\/strong>. Es por eso que presentamos a los 10 futbolistas m\u00e1s peleoneros del futbol mexicano.<\/p>\n<p>\u00bfFalt\u00f3 alguno, <em>cracks<\/em>?<\/p>\n<p><strong>\u00c1ngel Reyna<\/strong> | Sus constantes indisciplinas le costaron salir de varios de sus equipos, como Veracruz, Monterrey, Am\u00e9rica y ahora Chivas. Incluso ya fuera de sus clubes, se atrevi\u00f3 a mofarse de ellos en algunos partidos, como en el caso de las <em>\u00c1guilas<\/em>; adem\u00e1s, en el Draft de 2015, el <em>Reba\u00f1o Sagrado<\/em> ya no sab\u00eda qu\u00e9 hacer con \u00e9l, pues aunque lo coloc\u00f3 como transferible, ning\u00fan club se quiso acercar a preguntar por el volante.<\/p>\n<p><a href=\"http:\/\/futboltotal.com.mx\/wp-content\/uploads\/2015\/08\/los-10-futbolistas-mas-peleoneros-de-la-liga-mx.jpg\"><img decoding=\"async\" loading=\"lazy\" class=\"aligncenter wp-image-304650\" src=\"http:\/\/futboltotal.com.mx\/wp-content\/uploads\/2015\/08\/los-10-futbolistas-mas-peleoneros-de-la-liga-mx-300x219.jpg\" alt=\"los-10-futbolistas-mas-peleoneros-de-la-liga-mx\" srcset=\"http:\/\/desarrollo.grupomedios.com\/futbol\/wp-content\/uploads\/2015\/08\/los-10-futbolistas-mas-peleoneros-de-la-liga-mx-300x219.jpg 300w, http:\/\/desarrollo.grupomedios.com\/futbol\/wp-content\/uploads\/2015\/08\/los-10-futbolistas-mas-peleoneros-de-la-liga-mx.jpg 850w\" sizes=\"(max-width: 500px) 100vw, 500px\" \/><\/a><\/p>\n<p><strong>Cuauht\u00e9moc Blanco<\/strong> | El <em>Temo<\/em> siempre quiso ser el centro de atenci\u00f3n, ya sea por su talento en el campo, o por sus rencillas contra La Volpe dentro o fuera de la cancha; tambi\u00e9n por su golpe a David Faitelson en el Luis <em>Pirata<\/em> Fuente, entre otras, como nunca cerrar la boca, en especial tras su salida del Am\u00e9rica, que provoc\u00f3 que el club <em>azulcrema<\/em> ni siquiera le enviara una felicitaci\u00f3n cuando se retir\u00f3 de las canchas.<\/p>\n<p><a href=\"http:\/\/futboltotal.com.mx\/wp-content\/uploads\/2015\/08\/cuauhutemoc-blanco-alcaldia-cuernavaca.jpg\"><img decoding=\"async\" loading=\"lazy\" class=\"aligncenter wp-image-304281\" src=\"http:\/\/futboltotal.com.mx\/wp-content\/uploads\/2015\/08\/cuauhutemoc-blanco-alcaldia-cuernavaca-300x201.jpg\" alt=\"cuauhutemoc-blanco-alcaldia-cuernavaca\" srcset=\"http:\/\/desarrollo.grupomedios.com\/futbol\/wp-content\/uploads\/2015\/08\/cuauhutemoc-blanco-alcaldia-cuernavaca-300x201.jpg 300w, http:\/\/desarrollo.grupomedios.com\/futbol\/wp-content\/uploads\/2015\/08\/cuauhutemoc-blanco-alcaldia-cuernavaca.jpg 820w\" sizes=\"(max-width: 500px) 100vw, 500px\" \/><\/a><\/p>\n<p><strong>Adolfo Bautista<\/strong> | El jugador lleg\u00f3 a tener varios conflictos con directores t\u00e9cnicos, de entre los que destacan V\u00edctor Manuel Vucetich y Jos\u00e9 Manuel de la Torre. La relaci\u00f3n con el <em>Chepo<\/em>, ser\u00eda la causante de su salida del <em>Reba\u00f1o<\/em>.<\/p>\n<p><strong>Rubens Sambueza<\/strong> | Todo mundo recuerda el cabezazo que el volante le propin\u00f3 al \u00e1rbitro Rafael Medina, durante un encuentro entre Atlas y Estudiantes Tecos, en el Apertura 2010. El futbolista se disculp\u00f3 al d\u00eda siguiente por su desliz de violencia.<\/p>\n<p>Rubens tuvo problemas con Mohamed porque se hac\u00eda amonestar recurrentemente, situaci\u00f3n que tambi\u00e9n le preocupaba a Miguel Herrera, pero que el <em>Piojo<\/em> atribu\u00eda como exageraci\u00f3n de los \u00e1rbitros.<\/p>\n<p><strong>Jes\u00fas Corona<\/strong> | La ira de <em>Chuy<\/em> se comenz\u00f3 a ver desde un juego de Liguilla ante el Morelia, cuando le propin\u00f3 un cabezazo al preparador f\u00edsico de Monarcas. se enfren<\/p>\n<p>Tambi\u00e9n lo mostr\u00f3 cuando se enfrent\u00f3 en un bar contra un aficionado, lo que resultar\u00eda en su baja de la Selecci\u00f3n Mexicana.<\/p>\n<p><a href=\"http:\/\/futboltotal.com.mx\/wp-content\/uploads\/2015\/06\/los-jesus-corona-hablaron-del-fracaso-en-copa-america-y-su-apoyo-a-miguel-herrera.jpg\"><img decoding=\"async\" loading=\"lazy\" class=\"aligncenter wp-image-287817\" src=\"http:\/\/futboltotal.com.mx\/wp-content\/uploads\/2015\/06\/los-jesus-corona-hablaron-del-fracaso-en-copa-america-y-su-apoyo-a-miguel-herrera-300x201.jpg\" alt=\"los-jesus-corona-hablaron-del-fracaso-en-copa-america-y-su-apoyo-a-miguel-herrera\" srcset=\"http:\/\/desarrollo.grupomedios.com\/futbol\/wp-content\/uploads\/2015\/06\/los-jesus-corona-hablaron-del-fracaso-en-copa-america-y-su-apoyo-a-miguel-herrera-300x201.jpg 300w, http:\/\/desarrollo.grupomedios.com\/futbol\/wp-content\/uploads\/2015\/06\/los-jesus-corona-hablaron-del-fracaso-en-copa-america-y-su-apoyo-a-miguel-herrera.jpg 820w\" sizes=\"(max-width: 500px) 100vw, 500px\" \/><\/a><\/p>\n<p><strong>Marco Fabi\u00e1n<\/strong> | Sus desplantes al irse a beber por las noches, contratar servidoras sexuales en plena concentraci\u00f3n de la Selecci\u00f3n Mexicana, sus comentarios contra Tom\u00e1s Boy, entre otras cosas, convierten a Marco Fabi\u00e1n es uno de los chicos malos de la Liga MX.<\/p>\n<p><strong>Nery Castillo<\/strong> | El poco carism\u00e1tico mexico-uruguayo se peleaba con entrenadores y con la prensa mexicana, lo que ocasion\u00f3 que se dividiera el vestidor del <em>Tricolor<\/em>; al final, su actitud y sus malas decisiones, lo tienen sin equipo.<\/p>\n<p><strong>Miguel Herrera<\/strong> | Dentro y fuera del campo, como jugador o como entrenador, el <em>Piojo<\/em> ha caracterizado su vida futbol\u00edstica, por sus peleas con aficionados, futbolistas o hasta comentaristas.<\/p>\n<p>Como futbolista, Miguel Herrera qued\u00f3 marginado de la Selecci\u00f3n Mexicana, por un juego busco grave cometido durante un partido contra Honduras; como entrenador, fue cesado de su cargo por golpear a Christian Martinoli.<\/p>\n<p><strong>Tom\u00e1s Boy<\/strong> | Su prepotencia como futbolista y como entrenador lo definen; sin embargo, como estratega, ha sido m\u00e1s peleonero, pues tambi\u00e9n particip\u00f3 en los conatos de bronca del juego de Semifinales entre Cruz Azul y Morelia, del Clausura 2011; golpe\u00f3 a un aficionado del Atlas, insult\u00f3 a Marco Fabi\u00e1n y en varias ocasiones ofendi\u00f3 a Enrique Meza.<\/p>\n<p><a href=\"http:\/\/futboltotal.com.mx\/wp-content\/uploads\/2015\/04\/atlas-cesa-a-tomas-boy-matias-almeyda.jpg\"><img decoding=\"async\" loading=\"lazy\" class=\"size-full wp-image-272978 aligncenter\" src=\"http:\/\/futboltotal.com.mx\/wp-content\/uploads\/2015\/04\/atlas-cesa-a-tomas-boy-matias-almeyda.jpg\" alt=\"atlas-cesa-a-tomas-boy-matias-almeyda\" srcset=\"http:\/\/desarrollo.grupomedios.com\/futbol\/wp-content\/uploads\/2015\/04\/atlas-cesa-a-tomas-boy-matias-almeyda.jpg 650w, http:\/\/desarrollo.grupomedios.com\/futbol\/wp-content\/uploads\/2015\/04\/atlas-cesa-a-tomas-boy-matias-almeyda-132x88.jpg 132w, http:\/\/desarrollo.grupomedios.com\/futbol\/wp-content\/uploads\/2015\/04\/atlas-cesa-a-tomas-boy-matias-almeyda-95x63.jpg 95w, http:\/\/desarrollo.grupomedios.com\/futbol\/wp-content\/uploads\/2015\/04\/atlas-cesa-a-tomas-boy-matias-almeyda-182x122.jpg 182w, http:\/\/desarrollo.grupomedios.com\/futbol\/wp-content\/uploads\/2015\/04\/atlas-cesa-a-tomas-boy-matias-almeyda-205x136.jpg 205w, http:\/\/desarrollo.grupomedios.com\/futbol\/wp-content\/uploads\/2015\/04\/atlas-cesa-a-tomas-boy-matias-almeyda-420x280.jpg 420w\" sizes=\"(max-width: 650px) 100vw, 650px\" \/><\/a><\/p>\n<p><strong>Ricardo La Volpe<\/strong> | El argentino ten\u00eda una enemistad con Hugo S\u00e1nchez desde que era futbolista; se llegaron a enfrentar cuando fueron compa\u00f1eros en Atlante y su rivalidad se alargar\u00eda hasta su \u00e9poca de entrenadores.<\/p>\n<p>Como t\u00e9cnico, tambi\u00e9n experiment\u00f3 problemas con Cuauht\u00e9moc Blanco; mucho m\u00e1s adelante, se le increpar\u00eda de tocar a la pod\u00f3loga del club Guadalajara, y ahora contest\u00f3, con mayor entereza que otras ocasiones, <a href=\"http:\/\/futboltotal.com.mx\/2015\/08\/la-volpe-le-responde-a-nestor-de-la-torre\/\" target=\"_blank\">a N\u00e9stor de la Torre<\/a>, por menospreciarlo como candidato para comandar al Tri en 2015.<\/p>\n<p>[video_player]https:\/\/player.vimeo.com\/external\/139417577.hd.mp4?s=86e2b7e1f0dea9966353aeb45ad7aa61&amp;profile_id=113[\/video_player]<\/p>\n","protected":false},"excerpt":{"rendered":"<p>Estos son los jugadores m\u00e1s revoltosos de la liga, dentro y fuera de la cancha<\/p>\n","protected":false},"author":20,"featured_media":313595,"comment_status":"open","ping_status":"open","sticky":false,"template":"","format":"standard","meta":[],"categories":[5,2198,3845],"tags":[1659,70],"_links":{"self":[{"href":"http:\/\/desarrollo.grupomedios.com\/futbol\/wp-json\/wp\/v2\/posts\/313594"}],"collection":[{"href":"http:\/\/desarrollo.grupomedios.com\/futbol\/wp-json\/wp\/v2\/posts"}],"about":[{"href":"http:\/\/desarrollo.grupomedios.com\/futbol\/wp-json\/wp\/v2\/types\/post"}],"author":[{"embeddable":true,"href":"http:\/\/desarrollo.grupomedios.com\/futbol\/wp-json\/wp\/v2\/users\/20"}],"replies":[{"embeddable":true,"href":"http:\/\/desarrollo.grupomedios.com\/futbol\/wp-json\/wp\/v2\/comments?post=313594"}],"version-history":[{"count":0,"href":"http:\/\/desarrollo.grupomedios.com\/futbol\/wp-json\/wp\/v2\/posts\/313594\/revisions"}],"wp:featuredmedia":[{"embeddable":true,"href":"http:\/\/desarrollo.grupomedios.com\/futbol\/wp-json\/wp\/v2\/media\/313595"}],"wp:attachment":[{"href":"http:\/\/desarrollo.grupomedios.com\/futbol\/wp-json\/wp\/v2\/media?parent=313594"}],"wp:term":[{"taxonomy":"category","embeddable":true,"href":"http:\/\/desarrollo.grupomedios.com\/futbol\/wp-json\/wp\/v2\/categories?post=313594"},{"taxonomy":"post_tag","embeddable":true,"href":"http:\/\/desarrollo.grupomedios.com\/futbol\/wp-json\/wp\/v2\/tags?post=313594"}],"curies":[{"name":"wp","href":"https:\/\/api.w.org\/{rel}","templated":true}]}}