{"id":313616,"date":"2015-09-19T08:00:39","date_gmt":"2015-09-19T13:00:39","guid":{"rendered":"http:\/\/futboltotal.com.mx\/?p=313616"},"modified":"2015-09-18T17:20:38","modified_gmt":"2015-09-18T22:20:38","slug":"5-polemicas-de-angel-reyna","status":"publish","type":"post","link":"http:\/\/desarrollo.grupomedios.com\/futbol\/videos\/5-polemicas-de-angel-reyna\/2015\/09","title":{"rendered":"5 pol\u00e9micas de \u00c1ngel Reyna"},"content":{"rendered":"<p>\u201cSabemos que tiene mucho talento\u201d, se\u00f1al\u00f3 Jorge Vergara despu\u00e9s que se anunciara que <strong>Chivas<\/strong> \u201cdaba de baja\u201d a <strong>\u00c1ngel Reyna<\/strong> por su falta de compromiso con el equipo. A lo largo de su trayectoria, el delantero la manch\u00f3 por sus problemas extra canchas.<\/p>\n<p>Con la llegada de Mat\u00edas Almeyda al banquillo <em>tapat\u00edo<\/em>, el artillero podr\u00eda regresar al primer grupo que ser\u00eda el mejor regalo de cumplea\u00f1os ahora que cumple este s\u00e1bado 31 primaveras.<\/p>\n<p>En caso de que <strong>\u00c1ngel Reyna <\/strong>vuelva a<strong> Chivas <\/strong>buscar\u00e1 limpiar su nombre y dejar en el olvido sus pol\u00e9micas, de las cuales te recordamos cinco.<\/p>\n<p>[video_player]https:\/\/player.vimeo.com\/external\/136974293.sd.mp4?s=292c0a5e5775976bb13e45b330add6ec&amp;profile_id=112[\/video_player]<\/p>\n","protected":false},"excerpt":{"rendered":"<p>El delantero manch\u00f3 su carrera con problemas extra cancha<\/p>\n","protected":false},"author":20,"featured_media":313618,"comment_status":"open","ping_status":"open","sticky":false,"template":"","format":"standard","meta":[],"categories":[2198,3845,4],"tags":[1659,70],"_links":{"self":[{"href":"http:\/\/desarrollo.grupomedios.com\/futbol\/wp-json\/wp\/v2\/posts\/313616"}],"collection":[{"href":"http:\/\/desarrollo.grupomedios.com\/futbol\/wp-json\/wp\/v2\/posts"}],"about":[{"href":"http:\/\/desarrollo.grupomedios.com\/futbol\/wp-json\/wp\/v2\/types\/post"}],"author":[{"embeddable":true,"href":"http:\/\/desarrollo.grupomedios.com\/futbol\/wp-json\/wp\/v2\/users\/20"}],"replies":[{"embeddable":true,"href":"http:\/\/desarrollo.grupomedios.com\/futbol\/wp-json\/wp\/v2\/comments?post=313616"}],"version-history":[{"count":0,"href":"http:\/\/desarrollo.grupomedios.com\/futbol\/wp-json\/wp\/v2\/posts\/313616\/revisions"}],"wp:featuredmedia":[{"embeddable":true,"href":"http:\/\/desarrollo.grupomedios.com\/futbol\/wp-json\/wp\/v2\/media\/313618"}],"wp:attachment":[{"href":"http:\/\/desarrollo.grupomedios.com\/futbol\/wp-json\/wp\/v2\/media?parent=313616"}],"wp:term":[{"taxonomy":"category","embeddable":true,"href":"http:\/\/desarrollo.grupomedios.com\/futbol\/wp-json\/wp\/v2\/categories?post=313616"},{"taxonomy":"post_tag","embeddable":true,"href":"http:\/\/desarrollo.grupomedios.com\/futbol\/wp-json\/wp\/v2\/tags?post=313616"}],"curies":[{"name":"wp","href":"https:\/\/api.w.org\/{rel}","templated":true}]}}