{"id":313621,"date":"2015-09-18T17:03:01","date_gmt":"2015-09-18T22:03:01","guid":{"rendered":"http:\/\/futboltotal.com.mx\/?p=313621"},"modified":"2015-09-18T19:43:59","modified_gmt":"2015-09-19T00:43:59","slug":"chivas-no-ha-pagado-a-los-hermanos-de-la-torre","status":"publish","type":"post","link":"http:\/\/desarrollo.grupomedios.com\/futbol\/futbol-mexicano\/chivas-no-ha-pagado-a-los-hermanos-de-la-torre\/2015\/09","title":{"rendered":"Chivas no ha pagado a los hermanos De la Torre"},"content":{"rendered":"<p>El presidente de la <strong><a href=\"http:\/\/futboltotal.com.mx\/futbol-mexicano\/\" target=\"_blank\">Liga MX<\/a><\/strong>, <strong>Enrique Bonilla<\/strong>, se\u00f1ala que <strong><a href=\"http:\/\/futboltotal.com.mx\/equipos\/guadalajara\/\" target=\"_blank\">Chivas<\/a><\/strong> no le ha pagado a <a href=\"http:\/\/futboltotal.com.mx\/2015\/09\/oficial-nestor-de-la-torre-tambien-deja-chivas\/\" target=\"_blank\">N\u00e9stor<\/a> y <a href=\"http:\/\/futboltotal.com.mx\/2015\/09\/oficial-chepo-de-la-torre-sale-de-chivas\/\" target=\"_blank\">Jos\u00e9 Manuel<\/a> de la Torre, tras cesarlos de su respectivo cargo desde el pasado lunes 14 de septiembre.<\/p>\n<p><strong>Enrique Bonilla<\/strong> aclar\u00f3 que <strong>Chivas<\/strong> sigue sin pagarle a los hermanos De la Torre, pues todav\u00eda hay pl\u00e1ticas entre ambas partes, para solucionar esa cuesti\u00f3n, \u00a0y que el caso ya lo analiza la Comisi\u00f3n de Conciliaciones de la <strong>Liga MX<\/strong>.<\/p>\n<p>&#8220;El club est\u00e1 en reuniones conciliatorias con los hermanos de la Torre para llegar a buen t\u00e9rmino su relaci\u00f3n comos ser\u00eda en cualquier otra empresa y ellos est\u00e1n haciendo los ajustes internos que tengan que hacer&#8221;, revel\u00f3 el presidente de la <strong>Liga MX<\/strong> en conferencia de prensa.<\/p>\n<p>Y aunque la situaci\u00f3n del finiquito econ\u00f3mico de los hermanos De la Torre sigue sin resolverse, <strong>Enrique Bonilla<\/strong> aclara que <strong>Chivas<\/strong> le notific\u00f3 al respecto, y que incluso, contrat\u00f3 a Mat\u00edas Almeyda dentro del marco legal de la <strong>Liga MX<\/strong>.<\/p>\n<p>&#8220;Reglamentariamente no es necesario que se tenga el finiquito del director t\u00e9cnico para que sea contratado el otro; sin embargo, hay un escrito del club Guadalajara en la Comisi\u00f3n de Consiliaciones de Soluci\u00f3n de Controversias donde le aclara ala Comisi\u00f3n que est\u00e1n en el proceso de conciliaci\u00f3n y en caso de que no se llegue a un acuerdo se presentar\u00eda la controversia, pero se espera que no se llegue a ese extremo&#8221;, agreg\u00f3 el funcionario.<\/p>\n<p>[video_player]https:\/\/player.vimeo.com\/external\/139417577.hd.mp4?s=86e2b7e1f0dea9966353aeb45ad7aa61&amp;profile_id=113[\/video_player]<\/p>\n","protected":false},"excerpt":{"rendered":"<p>El caso es analizado por la Comisi\u00f3n de Conciliaciones de la Liga MX<\/p>\n","protected":false},"author":20,"featured_media":313625,"comment_status":"open","ping_status":"open","sticky":false,"template":"","format":"standard","meta":[],"categories":[2198,3845,5950],"tags":[70,741],"_links":{"self":[{"href":"http:\/\/desarrollo.grupomedios.com\/futbol\/wp-json\/wp\/v2\/posts\/313621"}],"collection":[{"href":"http:\/\/desarrollo.grupomedios.com\/futbol\/wp-json\/wp\/v2\/posts"}],"about":[{"href":"http:\/\/desarrollo.grupomedios.com\/futbol\/wp-json\/wp\/v2\/types\/post"}],"author":[{"embeddable":true,"href":"http:\/\/desarrollo.grupomedios.com\/futbol\/wp-json\/wp\/v2\/users\/20"}],"replies":[{"embeddable":true,"href":"http:\/\/desarrollo.grupomedios.com\/futbol\/wp-json\/wp\/v2\/comments?post=313621"}],"version-history":[{"count":0,"href":"http:\/\/desarrollo.grupomedios.com\/futbol\/wp-json\/wp\/v2\/posts\/313621\/revisions"}],"wp:featuredmedia":[{"embeddable":true,"href":"http:\/\/desarrollo.grupomedios.com\/futbol\/wp-json\/wp\/v2\/media\/313625"}],"wp:attachment":[{"href":"http:\/\/desarrollo.grupomedios.com\/futbol\/wp-json\/wp\/v2\/media?parent=313621"}],"wp:term":[{"taxonomy":"category","embeddable":true,"href":"http:\/\/desarrollo.grupomedios.com\/futbol\/wp-json\/wp\/v2\/categories?post=313621"},{"taxonomy":"post_tag","embeddable":true,"href":"http:\/\/desarrollo.grupomedios.com\/futbol\/wp-json\/wp\/v2\/tags?post=313621"}],"curies":[{"name":"wp","href":"https:\/\/api.w.org\/{rel}","templated":true}]}}